{"id":263509,"date":"2023-06-02T19:48:34","date_gmt":"2023-06-03T01:48:34","guid":{"rendered":"https:\/\/plazajuarez.mx\/?p=263509"},"modified":"2023-06-02T19:48:58","modified_gmt":"2023-06-03T01:48:58","slug":"karol-g-le","status":"publish","type":"post","link":"https:\/\/plazajuarez.mx\/historico\/karol-g-le\/","title":{"rendered":"Karol G le pone su m\u00fasica a la pel\u00edcula de &#8220;Barbie&#8221;"},"content":{"rendered":"\n<p>El cabello rosa de Karol G combina con el vestido del mismo tono que usa Margot Robbie para protagonizar a Barbie, una de las mu\u00f1ecas m\u00e1s ic\u00f3nicas del mundo y cuya pel\u00edcula en live action llegar\u00e1 el 21 de julio a los cines, donde adem\u00e1s la m\u00fasica de la colombiana formar\u00e1 parte de la pel\u00edcula.<\/p>\n\n\n\n<p>&#8220;Watiti&#8221;, una colaboraci\u00f3n con el rapero paname\u00f1o Aldo Ranks se lanz\u00f3 ayer enloqueciendo a los fans de Karol, quien encantada particip\u00f3 en el proyecto que seguramente tendr\u00e1 video musical; de momento, en el adelanto, Karol G saluda a Margot amigablemente.<\/p>\n\n\n\n<p>&#8220;Hace mucho tiempo ten\u00eda ganas de hacer m\u00fasica que me recordara las grandes canciones paname\u00f1as que bail\u00e9 y disfrut\u00e9 a\u00f1os atr\u00e1s&#8221;, dijo la int\u00e9rprete de Provenza al compartir la noticia. &#8220;Papi, vamos a la discopa&#8217; pasarla rico. Mucho humo, aguardientico pa&#8217;quedar mareadito (Quede marea&#8217;o)&#8221;, lo anterior es parte del coro de la canci\u00f3n totalmente en espa\u00f1ol que har\u00e1 parte de la pel\u00edcula de Hollywood; &#8220;Latinos&#8221;, escribi\u00f3 la antioque\u00f1a en su cuenta de Instagram para demostrar su orgullo.<\/p>\n\n\n\n<p>Dirigida por Greta Gerwig, la adaptaci\u00f3n cinematogr\u00e1fica de &#8220;Barbie&#8221; llegar\u00e1 a las salas en julio de este a\u00f1o con Margot Robbie como la versi\u00f3n en carne y hueso de la mu\u00f1eca protagonista y con Ryan Gosling en el papel de su eterna pareja, Ken.<\/p>\n\n\n\n<p>Adem\u00e1s de ellos, el perfil de Instagram ha presentado im\u00e1genes de otros de sus int\u00e9rpretes, como Simu Liu (el Shang Chi de Marvel, que aqu\u00ed tambi\u00e9n encarnar\u00e1 a Ken), as\u00ed como Michael Cera, Will Ferrell, Kate McKinnon y Helen Mirren, que ejercer\u00e1 como narradora.<\/p>\n\n\n\n<p>Habr\u00e1 espacio para las m\u00faltiples encarnaciones de Barbie, no solo en lo profesional sino tambi\u00e9n como representaci\u00f3n de la diversidad racial y corporal, ya sea la presidenta (Issa Rae), la diplom\u00e1tica (Nicola Coughlan), la &#8220;celebrada autora&#8221; (Alexandra Shipp), la periodista ganadora de un Pulitzer (Ritu Arya), la doctora (Hari Nef) o la Nobel en F\u00edsicas (Emma Mackey).<\/p>\n","protected":false},"excerpt":{"rendered":"<p>El cabello rosa de Karol G combina con el vestido del mismo tono que usa Margot Robbie para protagonizar a Barbie, una de las mu\u00f1ecas m\u00e1s ic\u00f3nicas del mundo y cuya pel\u00edcula en live action llegar\u00e1 el 21 de julio a los cines, donde adem\u00e1s la m\u00fasica de la colombiana formar\u00e1 parte de la pel\u00edcula. [&hellip;]<\/p>\n","protected":false},"author":81,"featured_media":263510,"comment_status":"closed","ping_status":"closed","sticky":false,"template":"","format":"standard","meta":{"footnotes":""},"categories":[38],"tags":[],"class_list":["post-263509","post","type-post","status-publish","format-standard","has-post-thumbnail","hentry","category-show"],"_links":{"self":[{"href":"https:\/\/plazajuarez.mx\/historico\/wp-json\/wp\/v2\/posts\/263509","targetHints":{"allow":["GET"]}}],"collection":[{"href":"https:\/\/plazajuarez.mx\/historico\/wp-json\/wp\/v2\/posts"}],"about":[{"href":"https:\/\/plazajuarez.mx\/historico\/wp-json\/wp\/v2\/types\/post"}],"author":[{"embeddable":true,"href":"https:\/\/plazajuarez.mx\/historico\/wp-json\/wp\/v2\/users\/81"}],"replies":[{"embeddable":true,"href":"https:\/\/plazajuarez.mx\/historico\/wp-json\/wp\/v2\/comments?post=263509"}],"version-history":[{"count":0,"href":"https:\/\/plazajuarez.mx\/historico\/wp-json\/wp\/v2\/posts\/263509\/revisions"}],"wp:featuredmedia":[{"embeddable":true,"href":"https:\/\/plazajuarez.mx\/historico\/wp-json\/wp\/v2\/media\/263510"}],"wp:attachment":[{"href":"https:\/\/plazajuarez.mx\/historico\/wp-json\/wp\/v2\/media?parent=263509"}],"wp:term":[{"taxonomy":"category","embeddable":true,"href":"https:\/\/plazajuarez.mx\/historico\/wp-json\/wp\/v2\/categories?post=263509"},{"taxonomy":"post_tag","embeddable":true,"href":"https:\/\/plazajuarez.mx\/historico\/wp-json\/wp\/v2\/tags?post=263509"}],"curies":[{"name":"wp","href":"https:\/\/api.w.org\/{rel}","templated":true}]}}