{"id":263389,"date":"2023-06-01T14:33:16","date_gmt":"2023-06-01T20:33:16","guid":{"rendered":"https:\/\/plazajuarez.mx\/?p=263389"},"modified":"2023-06-01T14:33:21","modified_gmt":"2023-06-01T20:33:21","slug":"blanco_-2","status":"publish","type":"post","link":"https:\/\/plazajuarez.mx\/historico\/blanco_-2\/","title":{"rendered":"Gracias a Cuauht\u00e9moc Blanco el LAFC fich\u00f3 a Vela: Torrington"},"content":{"rendered":"\n<p> Este octubre se van a cumplir nueve a\u00f1os de la fundaci\u00f3n del LAFC, equipo estadounidense de la MLS en el cual el delantero mexicano Carlos Vela es el actual capit\u00e1n, m\u00e1ximo goleador e \u00eddolo en la corta historia de la instituci\u00f3n.<\/p>\n\n\n\n<p>Este mi\u00e9rcoles, el LAFC jug\u00f3 el partido de ida de la final de la Liga de Campeones de Concacaf contra el Club Le\u00f3n de la Liga MX y el gerente general del equipo, John Torrington, habl\u00f3 sobre la importancia que tiene Vela en el equipo, c\u00f3mo se acercaron a \u00e9l y los objetivos de la instituci\u00f3n.<\/p>\n\n\n\n<p>&#8220;Carlos fue el primero y nos ayud\u00f3 a establecer los cimientos, en tener \u00e9xito, en estar en las finales, ganar t\u00edtulos. \u00c9l es el jugador m\u00e1s importante en la historia de nuestro equipo&#8221;, declar\u00f3 en entrevista con FOX Sports antes del partido en el Nou Camp.<\/p>\n\n\n\n<p>As\u00ed mismo, se\u00f1al\u00f3 que una leyenda del futbol mexicano como Cuauht\u00e9moc Blanco fue parte fundamental para voltear a ver a Carlos Vela antes de ficharlo.<\/p>\n\n\n\n<p>&#8220;S\u00ed, claro que influy\u00f3. Fue uno de mis compa\u00f1eros favoritos en mi carrera y \u00e9l fue uno de los primeros que mostr\u00f3 el poder de un jugador mexicano en nuestra liga y Carlos es el ejemplo de nosotros en nuestra liga&#8221;, coment\u00f3 John.<\/p>\n\n\n\n<p>El LAFC, que conquist\u00f3 su primer y hasta ahora \u00fanico t\u00edtulo de MLS la temporada pasada, est\u00e1 disputando su segunda final internacional, tras haber ca\u00eddo ante Tigres en el 2021. Por ello, trascender fuera de Estados Unidos es uno de los objetivos principales de la instituci\u00f3n.<\/p>\n\n\n\n<p>&#8220;Lograr nuestros objetivos y lo primero es ganar este torneo para representar a nuestra liga y nuestra regi\u00f3n en el torneo global&#8221;, agreg\u00f3 Torrington.<\/p>\n","protected":false},"excerpt":{"rendered":"<p>Este octubre se van a cumplir nueve a\u00f1os de la fundaci\u00f3n del LAFC, equipo estadounidense de la MLS en el cual el delantero mexicano Carlos Vela es el actual capit\u00e1n, m\u00e1ximo goleador e \u00eddolo en la corta historia de la instituci\u00f3n. Este mi\u00e9rcoles, el LAFC jug\u00f3 el partido de ida de la final de la [&hellip;]<\/p>\n","protected":false},"author":81,"featured_media":263390,"comment_status":"closed","ping_status":"closed","sticky":false,"template":"","format":"standard","meta":{"footnotes":""},"categories":[39],"tags":[],"class_list":["post-263389","post","type-post","status-publish","format-standard","has-post-thumbnail","hentry","category-deportiva"],"_links":{"self":[{"href":"https:\/\/plazajuarez.mx\/historico\/wp-json\/wp\/v2\/posts\/263389","targetHints":{"allow":["GET"]}}],"collection":[{"href":"https:\/\/plazajuarez.mx\/historico\/wp-json\/wp\/v2\/posts"}],"about":[{"href":"https:\/\/plazajuarez.mx\/historico\/wp-json\/wp\/v2\/types\/post"}],"author":[{"embeddable":true,"href":"https:\/\/plazajuarez.mx\/historico\/wp-json\/wp\/v2\/users\/81"}],"replies":[{"embeddable":true,"href":"https:\/\/plazajuarez.mx\/historico\/wp-json\/wp\/v2\/comments?post=263389"}],"version-history":[{"count":0,"href":"https:\/\/plazajuarez.mx\/historico\/wp-json\/wp\/v2\/posts\/263389\/revisions"}],"wp:featuredmedia":[{"embeddable":true,"href":"https:\/\/plazajuarez.mx\/historico\/wp-json\/wp\/v2\/media\/263390"}],"wp:attachment":[{"href":"https:\/\/plazajuarez.mx\/historico\/wp-json\/wp\/v2\/media?parent=263389"}],"wp:term":[{"taxonomy":"category","embeddable":true,"href":"https:\/\/plazajuarez.mx\/historico\/wp-json\/wp\/v2\/categories?post=263389"},{"taxonomy":"post_tag","embeddable":true,"href":"https:\/\/plazajuarez.mx\/historico\/wp-json\/wp\/v2\/tags?post=263389"}],"curies":[{"name":"wp","href":"https:\/\/api.w.org\/{rel}","templated":true}]}}