{"id":263382,"date":"2023-06-01T14:08:24","date_gmt":"2023-06-01T20:08:24","guid":{"rendered":"https:\/\/plazajuarez.mx\/?p=263382"},"modified":"2023-06-01T14:08:28","modified_gmt":"2023-06-01T20:08:28","slug":"conejo_-2","status":"publish","type":"post","link":"https:\/\/plazajuarez.mx\/historico\/conejo_-2\/","title":{"rendered":"Sheinbaum presume reuni\u00f3n con &#8220;Conejo&#8221; P\u00e9rez"},"content":{"rendered":"\n<p> Claudia Sheinbaum, jefa de gobierno de la Ciudad de M\u00e9xico, comparti\u00f3 en sus redes sociales una fotograf\u00eda con el hist\u00f3rico exfutbolista mexicano \u00d3scar &#8220;Conejo&#8221; P\u00e9rez.<\/p>\n\n\n\n<p>Un momento que de inmediato gener\u00f3 comentarios en la plataformas digitales y en las que la mandataria hizo referencia a la gran carrera de P\u00e9rez, quien es una leyenda de Cruz Azul y la Selecci\u00f3n Mexicana.<\/p>\n\n\n\n<p>&#8220;\u00bfRecuerdan la gran zancada de \u00d3scar &#8216;Conejo&#8217; P\u00e9rez para atajar balones? Pues hoy nos reunimos con el hist\u00f3rico portero del Cruz Azul y quien nos regal\u00f3 muchas alegr\u00edas cuando defendi\u00f3 el arco de la Selecci\u00f3n Nacional&#8221;, escribi\u00f3.<\/p>\n\n\n\n<p>La publicaci\u00f3n, g\u00e9nero que los usuarios y aficionados a la M\u00e1quina, establecieran que la reuni\u00f3n habr\u00eda sido para platicar sobre el nuevo estadio del equipo.<\/p>\n\n\n\n<p>Al destacar que en la actualidad, \u00d3scar P\u00e9rez es el director deportivo de Cruz Azul y quien vivir\u00e1 su segunda campa\u00f1a al frente del equipo cementero.<\/p>\n","protected":false},"excerpt":{"rendered":"<p>Claudia Sheinbaum, jefa de gobierno de la Ciudad de M\u00e9xico, comparti\u00f3 en sus redes sociales una fotograf\u00eda con el hist\u00f3rico exfutbolista mexicano \u00d3scar &#8220;Conejo&#8221; P\u00e9rez. Un momento que de inmediato gener\u00f3 comentarios en la plataformas digitales y en las que la mandataria hizo referencia a la gran carrera de P\u00e9rez, quien es una leyenda de [&hellip;]<\/p>\n","protected":false},"author":81,"featured_media":263383,"comment_status":"closed","ping_status":"closed","sticky":false,"template":"","format":"standard","meta":{"footnotes":""},"categories":[36],"tags":[],"class_list":["post-263382","post","type-post","status-publish","format-standard","has-post-thumbnail","hentry","category-nacion"],"_links":{"self":[{"href":"https:\/\/plazajuarez.mx\/historico\/wp-json\/wp\/v2\/posts\/263382","targetHints":{"allow":["GET"]}}],"collection":[{"href":"https:\/\/plazajuarez.mx\/historico\/wp-json\/wp\/v2\/posts"}],"about":[{"href":"https:\/\/plazajuarez.mx\/historico\/wp-json\/wp\/v2\/types\/post"}],"author":[{"embeddable":true,"href":"https:\/\/plazajuarez.mx\/historico\/wp-json\/wp\/v2\/users\/81"}],"replies":[{"embeddable":true,"href":"https:\/\/plazajuarez.mx\/historico\/wp-json\/wp\/v2\/comments?post=263382"}],"version-history":[{"count":0,"href":"https:\/\/plazajuarez.mx\/historico\/wp-json\/wp\/v2\/posts\/263382\/revisions"}],"wp:featuredmedia":[{"embeddable":true,"href":"https:\/\/plazajuarez.mx\/historico\/wp-json\/wp\/v2\/media\/263383"}],"wp:attachment":[{"href":"https:\/\/plazajuarez.mx\/historico\/wp-json\/wp\/v2\/media?parent=263382"}],"wp:term":[{"taxonomy":"category","embeddable":true,"href":"https:\/\/plazajuarez.mx\/historico\/wp-json\/wp\/v2\/categories?post=263382"},{"taxonomy":"post_tag","embeddable":true,"href":"https:\/\/plazajuarez.mx\/historico\/wp-json\/wp\/v2\/tags?post=263382"}],"curies":[{"name":"wp","href":"https:\/\/api.w.org\/{rel}","templated":true}]}}