{"id":263378,"date":"2023-06-01T14:05:43","date_gmt":"2023-06-01T20:05:43","guid":{"rendered":"https:\/\/plazajuarez.mx\/?p=263378"},"modified":"2023-06-01T14:05:46","modified_gmt":"2023-06-01T20:05:46","slug":"anahy_","status":"publish","type":"post","link":"https:\/\/plazajuarez.mx\/historico\/anahy_\/","title":{"rendered":"\u00bfYa naci\u00f3 el beb\u00e9 de Eduin Caz y Daisy Anahy? El cantante lo revela"},"content":{"rendered":"\n<p> Antes de que se diera a conocer el triste fallecimiento de la abuela de Eduin Caz, el reconocido artista se vio envuelto en un acontecimiento in\u00e9dito. Comenzaron a circular rumores en diversos medios de comunicaci\u00f3n sobre su paternidad por tercera vez junto a su expareja, Daisy Anahy. No obstante, el famoso decidi\u00f3 romper el silencio.<\/p>\n\n\n\n<p>Fue durante una entrevista con &#8220;Venga la alegr\u00eda&#8221; donde el int\u00e9rprete de &#8220;En tu perra vida&#8221; aclar\u00f3 las especulaciones y habl\u00f3 del complicado momento por el que atraviesa tras a partida de su ser querido.<\/p>\n\n\n\n<p>En relaci\u00f3n a esto, Eduin coment\u00f3 la importancia del apoyo del p\u00fablico para seguir adelante y expres\u00f3 que los conciertos est\u00e1n siendo de gran ayuda para su proceso de sanaci\u00f3n. Cabe recordar que recientemente se presentaron en Guadalajara, donde el artista afirm\u00f3: &#8220;Siempre sana, es algo muy bonito&#8221;.<\/p>\n\n\n\n<p>Posteriormente, antes de abandonar el recinto donde se llev\u00f3 a cabo show, el artista neg\u00f3 ante las c\u00e1maras que Anahy haya dado a luz a Christian Oswaldo, nombre con el que la futura mam\u00e1 lo ha presentado en redes sociales.<\/p>\n\n\n\n<p>De manera contundente, el vocalista declar\u00f3: &#8220;Todav\u00eda no&#8221;.<\/p>\n\n\n\n<p>&#8212;-Daisy Anahy es vista en un reciente concierto de Eduin<\/p>\n\n\n\n<p>Luego de que Eduin anunciara p\u00fablicamente su separaci\u00f3n con Anahy, se les ha visto juntos en algunos eventos lo que ha llevado a especular a la audiencia sobre su reconciliaci\u00f3n.<\/p>\n\n\n\n<p>El pasado 27 de mayo, la influencer comparti\u00f3 a trav\u00e9s de Instagram su aparici\u00f3n en el Sofi Stadium de Inglewood, California, escenario que Grupo Firme comparti\u00f3 con el colombiano Camilo y los mexicanos &#8220;El Mimoso&#8221; y Luis \u00c1ngel, &#8220;El Flaco&#8221;&#8216;.<\/p>\n\n\n\n<p>La mujer comparti\u00f3 una imagen en Instagram en donde presumi\u00f3 el look que lucir\u00eda aquella noche: sombrero texano, botas vaqueras, chamarra de color oscuro y un bolso.<\/p>\n\n\n\n<p>Posteriormente, desde el interior del Sofi poste\u00f3 una captura del concierto y m\u00e1s tarde cuando el reloj marc\u00f3 11:11 escribi\u00f3 &#8220;Pide un deseo&#8221; sobre el materiak audiovisual.<\/p>\n\n\n\n<p>Si bien ninguno de los dos ha aclarado su situaci\u00f3n sentimental, tambi\u00e9n sorprendieron cuando compartieron im\u00e1genes del baby shower hace dos meses.<\/p>\n","protected":false},"excerpt":{"rendered":"<p>Antes de que se diera a conocer el triste fallecimiento de la abuela de Eduin Caz, el reconocido artista se vio envuelto en un acontecimiento in\u00e9dito. Comenzaron a circular rumores en diversos medios de comunicaci\u00f3n sobre su paternidad por tercera vez junto a su expareja, Daisy Anahy. No obstante, el famoso decidi\u00f3 romper el silencio. [&hellip;]<\/p>\n","protected":false},"author":81,"featured_media":263380,"comment_status":"closed","ping_status":"closed","sticky":false,"template":"","format":"standard","meta":{"footnotes":""},"categories":[38],"tags":[],"class_list":["post-263378","post","type-post","status-publish","format-standard","has-post-thumbnail","hentry","category-show"],"_links":{"self":[{"href":"https:\/\/plazajuarez.mx\/historico\/wp-json\/wp\/v2\/posts\/263378","targetHints":{"allow":["GET"]}}],"collection":[{"href":"https:\/\/plazajuarez.mx\/historico\/wp-json\/wp\/v2\/posts"}],"about":[{"href":"https:\/\/plazajuarez.mx\/historico\/wp-json\/wp\/v2\/types\/post"}],"author":[{"embeddable":true,"href":"https:\/\/plazajuarez.mx\/historico\/wp-json\/wp\/v2\/users\/81"}],"replies":[{"embeddable":true,"href":"https:\/\/plazajuarez.mx\/historico\/wp-json\/wp\/v2\/comments?post=263378"}],"version-history":[{"count":0,"href":"https:\/\/plazajuarez.mx\/historico\/wp-json\/wp\/v2\/posts\/263378\/revisions"}],"wp:featuredmedia":[{"embeddable":true,"href":"https:\/\/plazajuarez.mx\/historico\/wp-json\/wp\/v2\/media\/263380"}],"wp:attachment":[{"href":"https:\/\/plazajuarez.mx\/historico\/wp-json\/wp\/v2\/media?parent=263378"}],"wp:term":[{"taxonomy":"category","embeddable":true,"href":"https:\/\/plazajuarez.mx\/historico\/wp-json\/wp\/v2\/categories?post=263378"},{"taxonomy":"post_tag","embeddable":true,"href":"https:\/\/plazajuarez.mx\/historico\/wp-json\/wp\/v2\/tags?post=263378"}],"curies":[{"name":"wp","href":"https:\/\/api.w.org\/{rel}","templated":true}]}}