{"id":263375,"date":"2023-06-01T14:01:10","date_gmt":"2023-06-01T20:01:10","guid":{"rendered":"https:\/\/plazajuarez.mx\/?p=263375"},"modified":"2023-06-01T14:01:14","modified_gmt":"2023-06-01T20:01:14","slug":"biden_-11","status":"publish","type":"post","link":"https:\/\/plazajuarez.mx\/historico\/biden_-11\/","title":{"rendered":"Biden tropieza y cae en ceremonia de graduaci\u00f3n de la Fuerza A\u00e9rea"},"content":{"rendered":"\n<p> El presidente de Estados Unidos, Joe Biden, se cay\u00f3 este jueves durante una ceremonia de graduaci\u00f3n en la Academia de la Fuerza A\u00e9rea en Colorado.<\/p>\n\n\n\n<p>Biden, de 80 a\u00f1os, tropez\u00f3 con un saco de arena y cay\u00f3 despu\u00e9s de entregar un \u00faltimo diploma a un elemento.<\/p>\n\n\n\n<p>Tras la ca\u00edda, Biden se puso de rodillas r\u00e1pidamente, auxiliado por tres personas, y regres\u00f3 a su asiento.<\/p>\n\n\n\n<p>El director de comunicaciones de la Casa Blanca, Ben LaBolt, dijo en Twitter que Biden estaba bien. &#8220;Hab\u00eda una bolsa de arena en el escenario mientras \u00e9l estrechaba la mano&#8221;, explic\u00f3.<\/p>\n\n\n\n<p>En redes sociales, la gente pregunt\u00f3 por qu\u00e9 hab\u00eda sacos de arena en el lugar. Los sacos de arena se utilizan en este tipo de actos para evitar que se caigan las luces, los teleprompters y otro tipo de cosas.<\/p>\n","protected":false},"excerpt":{"rendered":"<p>El presidente de Estados Unidos, Joe Biden, se cay\u00f3 este jueves durante una ceremonia de graduaci\u00f3n en la Academia de la Fuerza A\u00e9rea en Colorado. Biden, de 80 a\u00f1os, tropez\u00f3 con un saco de arena y cay\u00f3 despu\u00e9s de entregar un \u00faltimo diploma a un elemento. Tras la ca\u00edda, Biden se puso de rodillas r\u00e1pidamente, [&hellip;]<\/p>\n","protected":false},"author":81,"featured_media":263376,"comment_status":"closed","ping_status":"closed","sticky":false,"template":"","format":"standard","meta":{"footnotes":""},"categories":[31],"tags":[],"class_list":["post-263375","post","type-post","status-publish","format-standard","has-post-thumbnail","hentry","category-orbe"],"_links":{"self":[{"href":"https:\/\/plazajuarez.mx\/historico\/wp-json\/wp\/v2\/posts\/263375","targetHints":{"allow":["GET"]}}],"collection":[{"href":"https:\/\/plazajuarez.mx\/historico\/wp-json\/wp\/v2\/posts"}],"about":[{"href":"https:\/\/plazajuarez.mx\/historico\/wp-json\/wp\/v2\/types\/post"}],"author":[{"embeddable":true,"href":"https:\/\/plazajuarez.mx\/historico\/wp-json\/wp\/v2\/users\/81"}],"replies":[{"embeddable":true,"href":"https:\/\/plazajuarez.mx\/historico\/wp-json\/wp\/v2\/comments?post=263375"}],"version-history":[{"count":0,"href":"https:\/\/plazajuarez.mx\/historico\/wp-json\/wp\/v2\/posts\/263375\/revisions"}],"wp:featuredmedia":[{"embeddable":true,"href":"https:\/\/plazajuarez.mx\/historico\/wp-json\/wp\/v2\/media\/263376"}],"wp:attachment":[{"href":"https:\/\/plazajuarez.mx\/historico\/wp-json\/wp\/v2\/media?parent=263375"}],"wp:term":[{"taxonomy":"category","embeddable":true,"href":"https:\/\/plazajuarez.mx\/historico\/wp-json\/wp\/v2\/categories?post=263375"},{"taxonomy":"post_tag","embeddable":true,"href":"https:\/\/plazajuarez.mx\/historico\/wp-json\/wp\/v2\/tags?post=263375"}],"curies":[{"name":"wp","href":"https:\/\/api.w.org\/{rel}","templated":true}]}}