{"id":263372,"date":"2023-06-01T13:47:45","date_gmt":"2023-06-01T19:47:45","guid":{"rendered":"https:\/\/plazajuarez.mx\/?p=263372"},"modified":"2023-06-01T13:47:49","modified_gmt":"2023-06-01T19:47:49","slug":"danna_-3","status":"publish","type":"post","link":"https:\/\/plazajuarez.mx\/historico\/danna_-3\/","title":{"rendered":"Danna Paola modela jeans para la temporada"},"content":{"rendered":"\n<p> Sabemos que Danna Paola inspira con cada look que nos ense\u00f1a por redes sociales, pues la cantante tiene un estilo vers\u00e1til, en tendencia y con una propuesta juvenil que le fascina a sus 34 millones de seguidores en Instagram<\/p>\n\n\n\n<p>En esta ocasi\u00f3n, comparti\u00f3 por redes su look de street style para pasear por Los \u00c1ngeles, el cual estuvo protagonizado por unos jeans a la cadera en tendencia que siguen la est\u00e9tica Y2K.<\/p>\n\n\n\n<p>Dejando de lado el estilo futurista y complementos metalizados que usa arriba del escenario, la int\u00e9rprete de &#8220;Oye Pablo&#8221; demostr\u00f3 que es la reina de la est\u00e9tica inspirada en los a\u00f1os 2000.<\/p>\n\n\n\n<p>La cantante de 27 a\u00f1os acaba de dar c\u00e1tedra de estilo a trav\u00e9s de sus redes sociales, demostrando una vez m\u00e1s que la combinaci\u00f3n ganadora de esta temporada son su par de jeans en tendencia y una chaqueta de cuero.<\/p>\n\n\n\n<p>\u00bfEl secreto?, balancear a la perfecci\u00f3n el ajuste entre prendas oversize y ajustadas. En la parte superior us\u00f3 una chaqueta oversize con un top ajustado para definir su silueta, en contraste con la fluidez en sus jeans.<\/p>\n\n\n\n<p>La biker negra con bolsillos al frente es una pieza clave que resalta en el look y, para su foto, Danna Paola la envuelve con sus manos en la parte de atr\u00e1s para que luzca abierta y se logre apreciar el crop top que trae debajo con estampado degradado.<\/p>\n\n\n\n<p>Los jeans a la cadera deslavados son un recuerdo inmediato a la \u00e9poca de los 2000 que est\u00e1 retomando popularidad entre las amantes de la moda para formar una silueta diferente a lo que se ha ido usando en temporadas anteriores con el reinado del tiro alto en pantalones.<\/p>\n\n\n\n<p>Los complementos de su look son muy cl\u00e1sicos, un bolso de mano con la misma textura de cuero y detalles en los herrajes junto con unos lentes oscuros fueron suficiente para elevar su atuendo.<\/p>\n\n\n\n<p>Otro look similar lo model\u00f3 unos d\u00edas atr\u00e1s con una chaqueta amplia de corte oversize, una playera blanca, jeans bootcut bicolor y unos zapatos puntiagudos en color negro.<\/p>\n\n\n\n<p>Con estos estilismos tambi\u00e9n vemos c\u00f3mo la artista est\u00e1 dando atenci\u00f3n a los ruedos de los pantalones y confirma que los baggy jeans se pueden lucir con el ruedo doblado tanto hacia adentro como hacia afuera, aportando volumen y dejando lucir el calzado.<\/p>\n","protected":false},"excerpt":{"rendered":"<p>Sabemos que Danna Paola inspira con cada look que nos ense\u00f1a por redes sociales, pues la cantante tiene un estilo vers\u00e1til, en tendencia y con una propuesta juvenil que le fascina a sus 34 millones de seguidores en Instagram En esta ocasi\u00f3n, comparti\u00f3 por redes su look de street style para pasear por Los \u00c1ngeles, [&hellip;]<\/p>\n","protected":false},"author":81,"featured_media":263373,"comment_status":"closed","ping_status":"closed","sticky":false,"template":"","format":"standard","meta":{"footnotes":""},"categories":[38],"tags":[],"class_list":["post-263372","post","type-post","status-publish","format-standard","has-post-thumbnail","hentry","category-show"],"_links":{"self":[{"href":"https:\/\/plazajuarez.mx\/historico\/wp-json\/wp\/v2\/posts\/263372","targetHints":{"allow":["GET"]}}],"collection":[{"href":"https:\/\/plazajuarez.mx\/historico\/wp-json\/wp\/v2\/posts"}],"about":[{"href":"https:\/\/plazajuarez.mx\/historico\/wp-json\/wp\/v2\/types\/post"}],"author":[{"embeddable":true,"href":"https:\/\/plazajuarez.mx\/historico\/wp-json\/wp\/v2\/users\/81"}],"replies":[{"embeddable":true,"href":"https:\/\/plazajuarez.mx\/historico\/wp-json\/wp\/v2\/comments?post=263372"}],"version-history":[{"count":0,"href":"https:\/\/plazajuarez.mx\/historico\/wp-json\/wp\/v2\/posts\/263372\/revisions"}],"wp:featuredmedia":[{"embeddable":true,"href":"https:\/\/plazajuarez.mx\/historico\/wp-json\/wp\/v2\/media\/263373"}],"wp:attachment":[{"href":"https:\/\/plazajuarez.mx\/historico\/wp-json\/wp\/v2\/media?parent=263372"}],"wp:term":[{"taxonomy":"category","embeddable":true,"href":"https:\/\/plazajuarez.mx\/historico\/wp-json\/wp\/v2\/categories?post=263372"},{"taxonomy":"post_tag","embeddable":true,"href":"https:\/\/plazajuarez.mx\/historico\/wp-json\/wp\/v2\/tags?post=263372"}],"curies":[{"name":"wp","href":"https:\/\/api.w.org\/{rel}","templated":true}]}}