{"id":263369,"date":"2023-06-01T13:37:58","date_gmt":"2023-06-01T19:37:58","guid":{"rendered":"https:\/\/plazajuarez.mx\/?p=263369"},"modified":"2023-06-01T13:38:02","modified_gmt":"2023-06-01T19:38:02","slug":"shein_-8","status":"publish","type":"post","link":"https:\/\/plazajuarez.mx\/historico\/shein_-8\/","title":{"rendered":"Sheinbaum: \u201cNo s\u00f3lo es por ser mujer, es el proyecto de naci\u00f3n que representas\u201d"},"content":{"rendered":"\n<p>\u201cMi vida, mi historia, tiene que ver con la Cuarta Transformaci\u00f3n de la Vida P\u00fablica; no es algo que sea un invento, sino realmente por convicci\u00f3n estamos en este proyecto. Y queremos que contin\u00fae la transformaci\u00f3n para generar mayor justicia social e igualdad en nuestro pa\u00eds y profundizar la democracia\u201d, expres\u00f3<\/p>\n\n\n\n<p> \u201cYo creo que va ser as\u00ed\u201d, respondi\u00f3 Claudia Sheinbaum, jefa de Gobierno de la Ciudad de M\u00e9xico, a la pregunta expresa de un medio de comunicaci\u00f3n: \u201c\u00bfSer\u00e1 que podremos ver por primera vez en la historia, que un hombre, un presidente, entregue la bandera presidencial a una mujer?\u201d.<\/p>\n\n\n\n<p>Lo anterior, posterior al \u2018\u2019Di\u00e1logo Mujeres de Am\u00e9rica por los Derechos y el Bienestar\u201d, donde Sheinbaum Pardo destac\u00f3 que hoy en d\u00eda el reconocimiento de las mujeres en posiciones de poder es un avance en la lucha hist\u00f3rica por la igualdad sustantiva.<\/p>\n\n\n\n<p>En este sentido, Claudia Sheinbaum precis\u00f3 que no solo es ser por ser mujer, sino es el proyecto de naci\u00f3n que se representa.<\/p>\n\n\n\n<p>\u201cPorque hay otras mujeres en el bloque conservador que no representan este proyecto de naci\u00f3n. Ha habido mujeres candidatas a la presidencia y yo no vot\u00e9 por ellas por ser mujer, porque representaban otro proyecto de naci\u00f3n que no coincide con lo que nosotros pensamos\u201d, explic\u00f3.<\/p>\n\n\n\n<p>\u201cY por eso digo, hay mujeres que han encabezado golpes de Estado y no por ser mujer las vas a apoyar. No. Tiene que ver tambi\u00e9n con lo que t\u00fa consideras que debe ser la transformaci\u00f3n de la sociedad, y ah\u00ed tambi\u00e9n est\u00e1n las mujeres\u201d, a\u00f1adi\u00f3 la jefa de gobierno.<\/p>\n\n\n\n<p>En este contexto, se\u00f1al\u00f3 que el que se diga que la 4T es feminista, es porque en la lucha por los grandes derechos, el derecho del pueblo de M\u00e9xico a la educaci\u00f3n, a la salud, el acabar con la corrupci\u00f3n, erradicar los privilegios en los gobiernos y hacer una sociedad m\u00e1s justa, pasa tambi\u00e9n por los grandes derechos de las mujeres.<\/p>\n\n\n\n<p>Sheinbaum Pardo refiri\u00f3 que su posici\u00f3n a la cabeza de diversas encuestas rumbo a las elecciones presidenciales del 2024, tiene que ver con el trabajo que ha hecho en la ciudad, con su trayectoria como acad\u00e9mica y pol\u00edtica, y tiene que ver con ser mujer.<\/p>\n\n\n\n<p>\u201cMi vida, mi historia, tiene que ver con la Cuarta Transformaci\u00f3n de la Vida P\u00fablica; no es algo que sea un invento, sino realmente por convicci\u00f3n estamos en este proyecto. Y queremos que contin\u00fae la Transformaci\u00f3n para generar mayor justicia social e igualdad en nuestro pa\u00eds y profundizar la democracia tambi\u00e9n\u201d, expres\u00f3 Claudia Sheinbaum.<\/p>\n\n\n\n<p>Adem\u00e1s refiri\u00f3 una encuesta del INEGI, en el que \u201choy 67 por ciento de las personas dicen que M\u00e9xico est\u00e1 preparado para una mujer presidenta, lo dicen inclusive m\u00e1s all\u00e1, que quieren una mujer presidenta\u201d.<\/p>\n\n\n\n<p>De igual forma, se\u00f1al\u00f3 que, en el caso de M\u00e9xico, como en otros pa\u00edses de Am\u00e9rica, \u201ctambi\u00e9n se vive violencia contra la mujer, violencia pol\u00edtica contra la mujer y a veces parece soterrada, es decir, que te critican y uno tiene que preguntarse: \u00bfLe har\u00edan la misma cr\u00edtica a un hombre? \u00bfLe dir\u00edan a un hombre, \u201ces el favorito del Presidente\u201d, por ejemplo? \u00bfO es un asunto que tiene que ver m\u00e1s bien con ser mujer?\u201d, extern\u00f3.<\/p>\n\n\n\n<p>Finalmente, Claudia Sheinbaum env\u00edo un mensaje a las ni\u00f1as, \u201cque nunca se dejen minimizar y que siempre persigan sus sue\u00f1os; y que no solo luchen por los derechos de las mujeres, sino que tambi\u00e9n luchen por una sociedad m\u00e1s justa. Y en general a los ni\u00f1os y a las ni\u00f1as, que sepan de la historia de M\u00e9xico, c\u00f3mo ha sido la historia de M\u00e9xico y qu\u00e9 representa este momento tan importante de la vida de nuestro pa\u00eds y por qu\u00e9 queremos que siga esta Transformaci\u00f3n y no regresar a \u00e9pocas de corrupci\u00f3n, de privilegios, de carencia de derechos\u201d, concluy\u00f3.<\/p>\n","protected":false},"excerpt":{"rendered":"<p>\u201cMi vida, mi historia, tiene que ver con la Cuarta Transformaci\u00f3n de la Vida P\u00fablica; no es algo que sea un invento, sino realmente por convicci\u00f3n estamos en este proyecto. Y queremos que contin\u00fae la transformaci\u00f3n para generar mayor justicia social e igualdad en nuestro pa\u00eds y profundizar la democracia\u201d, expres\u00f3 \u201cYo creo que va [&hellip;]<\/p>\n","protected":false},"author":93,"featured_media":263370,"comment_status":"closed","ping_status":"closed","sticky":false,"template":"","format":"standard","meta":{"footnotes":""},"categories":[15,36,2160],"tags":[],"class_list":["post-263369","post","type-post","status-publish","format-standard","has-post-thumbnail","hentry","category-destacadas","category-nacion","category-noticias-de-la-ciudad-de-mexico"],"_links":{"self":[{"href":"https:\/\/plazajuarez.mx\/historico\/wp-json\/wp\/v2\/posts\/263369","targetHints":{"allow":["GET"]}}],"collection":[{"href":"https:\/\/plazajuarez.mx\/historico\/wp-json\/wp\/v2\/posts"}],"about":[{"href":"https:\/\/plazajuarez.mx\/historico\/wp-json\/wp\/v2\/types\/post"}],"author":[{"embeddable":true,"href":"https:\/\/plazajuarez.mx\/historico\/wp-json\/wp\/v2\/users\/93"}],"replies":[{"embeddable":true,"href":"https:\/\/plazajuarez.mx\/historico\/wp-json\/wp\/v2\/comments?post=263369"}],"version-history":[{"count":0,"href":"https:\/\/plazajuarez.mx\/historico\/wp-json\/wp\/v2\/posts\/263369\/revisions"}],"wp:featuredmedia":[{"embeddable":true,"href":"https:\/\/plazajuarez.mx\/historico\/wp-json\/wp\/v2\/media\/263370"}],"wp:attachment":[{"href":"https:\/\/plazajuarez.mx\/historico\/wp-json\/wp\/v2\/media?parent=263369"}],"wp:term":[{"taxonomy":"category","embeddable":true,"href":"https:\/\/plazajuarez.mx\/historico\/wp-json\/wp\/v2\/categories?post=263369"},{"taxonomy":"post_tag","embeddable":true,"href":"https:\/\/plazajuarez.mx\/historico\/wp-json\/wp\/v2\/tags?post=263369"}],"curies":[{"name":"wp","href":"https:\/\/api.w.org\/{rel}","templated":true}]}}