{"id":263364,"date":"2023-06-01T12:46:35","date_gmt":"2023-06-01T18:46:35","guid":{"rendered":"https:\/\/plazajuarez.mx\/?p=263364"},"modified":"2023-06-01T12:46:40","modified_gmt":"2023-06-01T18:46:40","slug":"este-sexenio-con-mas-homicidios-en-la-historia-reciente-amlo","status":"publish","type":"post","link":"https:\/\/plazajuarez.mx\/historico\/este-sexenio-con-mas-homicidios-en-la-historia-reciente-amlo\/","title":{"rendered":"&#8220;Este sexenio con m\u00e1s homicidios en la historia reciente&#8221;: AMLO"},"content":{"rendered":"\n<p>Andr\u00e9s Manuel L\u00f3pez Obrador reconoci\u00f3 que su gobierno es ya el sexenio m\u00e1s violento de la historia reciente de M\u00e9xico, pero acus\u00f3 que esto es debido a que la &#8220;mala herencia&#8221; que le dejaron los gobiernos anteriores.<br><br>En conferencia de prensa en las instalaciones de la Primera Regi\u00f3n Naval, en Ciudad Madero, Tamaulipas, L\u00f3pez Obrador acus\u00f3 a sus antecesores de haber creado estos grupos criminales, pues acus\u00f3 que hab\u00eda un &#8220;Narco Estado&#8221;, pero asegur\u00f3 que el delito de homicidio est\u00e1 bajando.<br><br>&#8220;Ahora nos dicen `\u00a1Qu\u00e9 barbaridad, el gobierno de ahora es el gobierno que tiene m\u00e1s homicidios!\u00b4 S\u00ed, pero por qu\u00e9 no pones la l\u00e1mina de homicidios (le instruy\u00f3 a su vocero Jes\u00fas Ram\u00edrez) que vean c\u00f3mo nos dejaron el pa\u00eds, porque este es un mala herencia en seguridad, pero as\u00ed nos dejaron salud, educaci\u00f3n y as\u00ed nos dejaron todo.<br><br>&#8220;El pa\u00eds estaba en bancarrota, el pa\u00eds estaba inmerso en una decadencia, ni siquiera era una crisis, era una decadencia y por eso, frente a una decadencia, lo \u00fanico que deb\u00eda hacerse era llevar a cabo un proceso de transformaci\u00f3n, arrancar de ra\u00edz a la corrupci\u00f3n y eso no les ha gustado a los que antes se sent\u00edan los due\u00f1os de M\u00e9xico y son los responsables de la tragedia nacional.<br><br>L\u00f3pez Obrador agreg\u00f3: &#8220;Deber\u00edan estar ofreciendo disculpas aqu\u00ed en Tamaulipas, cu\u00e1ntos gobernantes mediocres, ladrones, por eso celebro que despu\u00e9s de a\u00f1os los tamaulipecos, mujeres y hombres hayan decidido tener un gobernador honesto, \u00edntegro, decente, no malandr\u00edn, para decirlo con toda claridad&#8221;.<\/p>\n\n\n\n<p><br><strong>Sexenios anteriores crearon los grupos criminales<br><\/strong><br>El Presidente se\u00f1al\u00f3 que fueron los antecesores quienes crearon las bandas y grupos criminales y los cuales se fueron &#8220;consolidando&#8221; por la impunidad y por las complicidades de las autoridades y puso de ejemplo a Genaro Garc\u00eda Luna, exsecretario de Seguridad P\u00fablica en el sexenio de Felipe Calder\u00f3n y hoy recluido en Estados Unidos por nexos con el narcotr\u00e1fico.<br><br>Reconoci\u00f3 que ha costado mucho a su gobierno el atender el problema del homicidio doloso, pero confi\u00f3 en que siga bajando los incidentes de este delito.<br><br>L\u00f3pez Obrador reconoci\u00f3 que su gobierno es ya el sexenio m\u00e1s violento de la historia reciente de M\u00e9xico, pero acus\u00f3 que esto es debido a la &#8220;mala herencia&#8221; que le dejaron los gobiernos anteriores para poder pacificar al pa\u00eds, atender a los j\u00f3venes, que tengan oportunidad de estudio de trabajo, de que mejore n las condiciones de vida, de que haya bienestar, mejores salarios, empleo, eso es lo que nos va a permitir vivir en una sociedad mejor y pac\u00edfica, entonces si hemos bajado el homicidio&#8221;, dijo.<br><br><strong>Gobierno de AMLO, el sexenio m\u00e1s violento de la historia<br><\/strong><br>El pasado 25 de mayo, la administraci\u00f3n del presidente Andr\u00e9s Manuel L\u00f3pez Obrador impuso r\u00e9cord de 156 mil 136 asesinatos registrados en el periodo de diciembre de 2018 al 24 de mayo de 2023, por lo que es ya el sexenio m\u00e1s violento de la historia reciente de M\u00e9xico.<br><br>Seg\u00fan cifras del Instituto Nacional de Estad\u00edstica y Geograf\u00eda (Inegi), del Secretariado Ejecutivo del Sistema Nacional de Seguridad P\u00fablica (Sesnsp) y del Reporte Diario de la Secretar\u00eda de Seguridad y Protecci\u00f3n Ciudadana (SSPC), la llamada Cuarta Transformaci\u00f3n, creadora de la estrategia &#8220;Abrazos, no Balazos&#8221;, super\u00f3 las 156 mil 066 v\u00edctimas de homicidio doloso contabilizadas en el sexenio del priista de Enrique Pe\u00f1a Nieto, que ten\u00eda la marca como el m\u00e1s sangriento.<br><br>El a\u00f1o pasado, el gobierno de L\u00f3pez Obrador rebas\u00f3 los 120 mil 463 asesinatos del sexenio de Felipe Calder\u00f3n Hinojosa, y antes los 60 mil 280 alcanzados en la gesti\u00f3n del panista Vicente Fox Quesada.<\/p>\n","protected":false},"excerpt":{"rendered":"<p>Andr\u00e9s Manuel L\u00f3pez Obrador reconoci\u00f3 que su gobierno es ya el sexenio m\u00e1s violento de la historia reciente de M\u00e9xico, pero acus\u00f3 que esto es debido a que la &#8220;mala herencia&#8221; que le dejaron los gobiernos anteriores. En conferencia de prensa en las instalaciones de la Primera Regi\u00f3n Naval, en Ciudad Madero, Tamaulipas, L\u00f3pez Obrador [&hellip;]<\/p>\n","protected":false},"author":81,"featured_media":263366,"comment_status":"closed","ping_status":"closed","sticky":false,"template":"","format":"standard","meta":{"footnotes":""},"categories":[15,36],"tags":[],"class_list":["post-263364","post","type-post","status-publish","format-standard","has-post-thumbnail","hentry","category-destacadas","category-nacion"],"_links":{"self":[{"href":"https:\/\/plazajuarez.mx\/historico\/wp-json\/wp\/v2\/posts\/263364","targetHints":{"allow":["GET"]}}],"collection":[{"href":"https:\/\/plazajuarez.mx\/historico\/wp-json\/wp\/v2\/posts"}],"about":[{"href":"https:\/\/plazajuarez.mx\/historico\/wp-json\/wp\/v2\/types\/post"}],"author":[{"embeddable":true,"href":"https:\/\/plazajuarez.mx\/historico\/wp-json\/wp\/v2\/users\/81"}],"replies":[{"embeddable":true,"href":"https:\/\/plazajuarez.mx\/historico\/wp-json\/wp\/v2\/comments?post=263364"}],"version-history":[{"count":0,"href":"https:\/\/plazajuarez.mx\/historico\/wp-json\/wp\/v2\/posts\/263364\/revisions"}],"wp:featuredmedia":[{"embeddable":true,"href":"https:\/\/plazajuarez.mx\/historico\/wp-json\/wp\/v2\/media\/263366"}],"wp:attachment":[{"href":"https:\/\/plazajuarez.mx\/historico\/wp-json\/wp\/v2\/media?parent=263364"}],"wp:term":[{"taxonomy":"category","embeddable":true,"href":"https:\/\/plazajuarez.mx\/historico\/wp-json\/wp\/v2\/categories?post=263364"},{"taxonomy":"post_tag","embeddable":true,"href":"https:\/\/plazajuarez.mx\/historico\/wp-json\/wp\/v2\/tags?post=263364"}],"curies":[{"name":"wp","href":"https:\/\/api.w.org\/{rel}","templated":true}]}}