{"id":263342,"date":"2023-05-31T22:34:23","date_gmt":"2023-06-01T04:34:23","guid":{"rendered":"https:\/\/plazajuarez.mx\/?p=263342"},"modified":"2023-05-31T22:34:49","modified_gmt":"2023-06-01T04:34:49","slug":"compromete-alcalde-no-dar-mas-permisos-a-tiendas-de-productos-chinos","status":"publish","type":"post","link":"https:\/\/plazajuarez.mx\/historico\/compromete-alcalde-no-dar-mas-permisos-a-tiendas-de-productos-chinos\/","title":{"rendered":"Compromete alcalde no dar m\u00e1s permisos a tiendas de productos chinos"},"content":{"rendered":"\n<p><strong>TULANCINGO<\/strong>.- Durante una reuni\u00f3n con comerciantes establecidos del centro de Tulancingo, el presidente municipal, Jorge M\u00e1rquez Alvarado asegur\u00f3 que su gobierno no dar\u00e1 permiso comercial y de uso de suelo para la apertura de una nueva tienda de venta de productos chinos, que se ubicar\u00eda en el centro de la ciudad.\u00a0<\/p>\n\n\n\n<p>Fue la tarde del mi\u00e9rcoles cuando el alcalde dialog\u00f3 con dichos comerciantes, quienes le se\u00f1alaron que ya son varias tiendas con productos chinos que operan en la ciudad, las cuales, aseguraron, les est\u00e1n provocando p\u00e9rdidas econ\u00f3micas importantes.<\/p>\n\n\n\n<p>Ante ello, los comerciantes temen que la apertura de una nueva tienda de este tipo, les afecte de forma importante en su econom\u00eda; adem\u00e1s de otros problemas como cierres masivos de negocios y p\u00e9rdida de fuentes de empleo.&nbsp;<\/p>\n\n\n\n<p>Luego de escuchar los argumentos y preocupaciones de los representantes del comercio formal, M\u00e1rquez Alvarado confirm\u00f3 que el gobierno municipal de Tulancingo, no autorizar\u00e1 la apertura de otra tienda de este tipo.<\/p>\n\n\n\n<p>Sin embargo, advirti\u00f3 que el ingreso al pa\u00eds de empresarios chinos ya es imparable, &#8220;como en su momento ocurri\u00f3 con los coreanos o los japoneses&#8221;. Por lo que llam\u00f3 a los comerciantes establecidos a innovar en su actividad, modernizarse y capacitarse para aumentar sus ventas.&nbsp;<\/p>\n\n\n\n<p>M\u00e1rquez Alvarado manifest\u00f3 su intenci\u00f3n de apoyar a los comerciantes en capacitaciones, cursos y talleres, para mejorar sus pr\u00e1cticas y aumentar sus ventas.&nbsp;<\/p>\n\n\n\n<p>&#8220;Apenas nos vamos recuperando de las p\u00e9rdidas econ\u00f3micas que nos dej\u00f3 la pandemia por COVID, y si se siguen abriendo m\u00e1s tiendas de este tipo, a muchos nos va a destruir &#8220;, se\u00f1al\u00f3 uno de los comerciantes participantes en la reuni\u00f3n con las autoridades municipales.<\/p>\n\n\n\n<p>El alcalde dijo comprender la situaci\u00f3n, por lo que se estableci\u00f3 apoyar en lo que por ley se puede hacer en el tema. Por su parte, los comerciantes se comprometieron al seguimiento de las normativas legales, y apoyar al gobierno municipal en este y otros temas relacionados.<\/p>\n","protected":false},"excerpt":{"rendered":"<p>TULANCINGO.- Durante una reuni\u00f3n con comerciantes establecidos del centro de Tulancingo, el presidente municipal, Jorge M\u00e1rquez Alvarado asegur\u00f3 que su gobierno no dar\u00e1 permiso comercial y de uso de suelo para la apertura de una nueva tienda de venta de productos chinos, que se ubicar\u00eda en el centro de la ciudad.\u00a0 Fue la tarde del [&hellip;]<\/p>\n","protected":false},"author":70,"featured_media":263343,"comment_status":"closed","ping_status":"closed","sticky":false,"template":"","format":"standard","meta":{"footnotes":""},"categories":[15,2159,40],"tags":[],"class_list":["post-263342","post","type-post","status-publish","format-standard","has-post-thumbnail","hentry","category-destacadas","category-noticias-de-hidalgo","category-region"],"_links":{"self":[{"href":"https:\/\/plazajuarez.mx\/historico\/wp-json\/wp\/v2\/posts\/263342","targetHints":{"allow":["GET"]}}],"collection":[{"href":"https:\/\/plazajuarez.mx\/historico\/wp-json\/wp\/v2\/posts"}],"about":[{"href":"https:\/\/plazajuarez.mx\/historico\/wp-json\/wp\/v2\/types\/post"}],"author":[{"embeddable":true,"href":"https:\/\/plazajuarez.mx\/historico\/wp-json\/wp\/v2\/users\/70"}],"replies":[{"embeddable":true,"href":"https:\/\/plazajuarez.mx\/historico\/wp-json\/wp\/v2\/comments?post=263342"}],"version-history":[{"count":0,"href":"https:\/\/plazajuarez.mx\/historico\/wp-json\/wp\/v2\/posts\/263342\/revisions"}],"wp:featuredmedia":[{"embeddable":true,"href":"https:\/\/plazajuarez.mx\/historico\/wp-json\/wp\/v2\/media\/263343"}],"wp:attachment":[{"href":"https:\/\/plazajuarez.mx\/historico\/wp-json\/wp\/v2\/media?parent=263342"}],"wp:term":[{"taxonomy":"category","embeddable":true,"href":"https:\/\/plazajuarez.mx\/historico\/wp-json\/wp\/v2\/categories?post=263342"},{"taxonomy":"post_tag","embeddable":true,"href":"https:\/\/plazajuarez.mx\/historico\/wp-json\/wp\/v2\/tags?post=263342"}],"curies":[{"name":"wp","href":"https:\/\/api.w.org\/{rel}","templated":true}]}}