{"id":263015,"date":"2023-05-29T09:52:18","date_gmt":"2023-05-29T15:52:18","guid":{"rendered":"https:\/\/plazajuarez.mx\/?p=263015"},"modified":"2023-05-29T09:52:24","modified_gmt":"2023-05-29T15:52:24","slug":"erdogan-la-promesa-de-no-liberar-al-politico-prokurdo-demirtas","status":"publish","type":"post","link":"https:\/\/plazajuarez.mx\/historico\/erdogan-la-promesa-de-no-liberar-al-politico-prokurdo-demirtas\/","title":{"rendered":"Erdogan la promesa de no liberar al pol\u00edtico prokurdo Demirtas"},"content":{"rendered":"\n<p>Horas despu\u00e9s de ser reelegido en las urnas para un nuevo mandato de cinco a\u00f1os, el presidente turco, Recep Tayyip Erdogan, ha reiterado su promesa de no liberar al pol\u00edtico izquierdista prokurdo Selahattin Demirtas, encarcelado desde 2016.<\/p>\n\n\n\n<p>Record\u00f3 que su rival, el socialdem\u00f3crata Kemal Kili\u00e7daroglu, que perdi\u00f3 ayer con un 47.9% de los votos frente al 52.1% de Erdogan, hab\u00eda prometido poner en libertad a Demirtas, conocido como &#8220;Selo&#8221; por sus seguidores, aplicando las decisiones judiciales correspondientes.<\/p>\n\n\n\n<p>Erdogan acus\u00f3 a Demirtas, un pol\u00edtico que hab\u00eda conseguido convertir al partido prokurdo en la opci\u00f3n principal de la izquierda de toda Turqu\u00eda, de haber causado la muerte de 51 &#8220;hermanos kurdos&#8221; en 2014 por un discurso en el que anim\u00f3 a manifestarse contra el asedio del Estado Isl\u00e1mico (EI) a la ciudad kurda de Kobani en Siria.<\/p>\n\n\n\n<p>&#8220;Dijeron que si quer\u00e9is que salga Selo (de la c\u00e1rcel), que les votaran. \u00bfQu\u00e9 dijo la naci\u00f3n? Porque mi naci\u00f3n lo sabe. Algo as\u00ed es imposible con nuestro Gobierno&#8221;, insisti\u00f3.<\/p>\n","protected":false},"excerpt":{"rendered":"<p>Horas despu\u00e9s de ser reelegido en las urnas para un nuevo mandato de cinco a\u00f1os, el presidente turco, Recep Tayyip Erdogan, ha reiterado su promesa de no liberar al pol\u00edtico izquierdista prokurdo Selahattin Demirtas, encarcelado desde 2016. Record\u00f3 que su rival, el socialdem\u00f3crata Kemal Kili\u00e7daroglu, que perdi\u00f3 ayer con un 47.9% de los votos frente [&hellip;]<\/p>\n","protected":false},"author":80,"featured_media":263021,"comment_status":"closed","ping_status":"closed","sticky":false,"template":"","format":"standard","meta":{"footnotes":""},"categories":[31],"tags":[],"class_list":["post-263015","post","type-post","status-publish","format-standard","has-post-thumbnail","hentry","category-orbe"],"_links":{"self":[{"href":"https:\/\/plazajuarez.mx\/historico\/wp-json\/wp\/v2\/posts\/263015","targetHints":{"allow":["GET"]}}],"collection":[{"href":"https:\/\/plazajuarez.mx\/historico\/wp-json\/wp\/v2\/posts"}],"about":[{"href":"https:\/\/plazajuarez.mx\/historico\/wp-json\/wp\/v2\/types\/post"}],"author":[{"embeddable":true,"href":"https:\/\/plazajuarez.mx\/historico\/wp-json\/wp\/v2\/users\/80"}],"replies":[{"embeddable":true,"href":"https:\/\/plazajuarez.mx\/historico\/wp-json\/wp\/v2\/comments?post=263015"}],"version-history":[{"count":0,"href":"https:\/\/plazajuarez.mx\/historico\/wp-json\/wp\/v2\/posts\/263015\/revisions"}],"wp:featuredmedia":[{"embeddable":true,"href":"https:\/\/plazajuarez.mx\/historico\/wp-json\/wp\/v2\/media\/263021"}],"wp:attachment":[{"href":"https:\/\/plazajuarez.mx\/historico\/wp-json\/wp\/v2\/media?parent=263015"}],"wp:term":[{"taxonomy":"category","embeddable":true,"href":"https:\/\/plazajuarez.mx\/historico\/wp-json\/wp\/v2\/categories?post=263015"},{"taxonomy":"post_tag","embeddable":true,"href":"https:\/\/plazajuarez.mx\/historico\/wp-json\/wp\/v2\/tags?post=263015"}],"curies":[{"name":"wp","href":"https:\/\/api.w.org\/{rel}","templated":true}]}}