{"id":262975,"date":"2023-05-28T22:48:21","date_gmt":"2023-05-29T04:48:21","guid":{"rendered":"https:\/\/plazajuarez.mx\/?p=262975"},"modified":"2023-05-28T22:58:17","modified_gmt":"2023-05-29T04:58:17","slug":"empresaria-se-desiste-de-registrar-iconografia-indigena","status":"publish","type":"post","link":"https:\/\/plazajuarez.mx\/historico\/empresaria-se-desiste-de-registrar-iconografia-indigena\/","title":{"rendered":"Empresaria se desiste de registrar iconograf\u00eda ind\u00edgena"},"content":{"rendered":"\n<p><strong>IXMIQUILPAN<\/strong>.- La empresaria, Alejandra Leal, se desisti\u00f3 oficialmente del registro de la iconograf\u00eda, Flor y Canto, que caus\u00f3 indignaci\u00f3n entre la comunidad cultural y tambi\u00e9n entre artesanos de la regi\u00f3n del Mezquital.\u00a0<\/p>\n\n\n\n<p>De acuerdo&nbsp; a los asistentes a la reuni\u00f3n programada por el Comisionado de Pueblos Ind\u00edgenas de Hidalgo, Prisco Manuel Guti\u00e9rrez, en el encuentro la empresaria confirm\u00f3 oficialmente que se desisti\u00f3 de la marca ante el Instituto Mexicano de la Propiedad Industrial (IMPI).&nbsp;<\/p>\n\n\n\n<p>Tras la pol\u00e9mica e indignaci\u00f3n generada por la empresaria, finalmente se reuni\u00f3 con un sector de artesanos, donde defendi\u00f3 la creaci\u00f3n de su mu\u00f1eca Nxutsi, la cual sostuvo en el encuentro, busca enaltecer a la cultura del Mezquital, la cual fue reconocida por los presentes y respaldaron.&nbsp;<\/p>\n\n\n\n<p>Otro sector de los artesanos, han pedido replantear la reuni\u00f3n, con una nueva agenda y que con ello, se solvente el agravio de apropiaci\u00f3n cultural cometido por la empresaria, asimismo, para atender otros temas que deben ser atendidos.&nbsp;<\/p>\n\n\n\n<p>Cabe se\u00f1alar que la reuni\u00f3n gener\u00f3 molestia entre algunos artesanos, quienes no estuvieron de acuerdo con que algunos de sus compa\u00f1eros se hayan presentado al encuentro, el cual hab\u00edan planteado que se lleve a cabo el pr\u00f3ximo cinco de junio en Ixmiquilpan.<\/p>\n","protected":false},"excerpt":{"rendered":"<p>IXMIQUILPAN.- La empresaria, Alejandra Leal, se desisti\u00f3 oficialmente del registro de la iconograf\u00eda, Flor y Canto, que caus\u00f3 indignaci\u00f3n entre la comunidad cultural y tambi\u00e9n entre artesanos de la regi\u00f3n del Mezquital.\u00a0 De acuerdo&nbsp; a los asistentes a la reuni\u00f3n programada por el Comisionado de Pueblos Ind\u00edgenas de Hidalgo, Prisco Manuel Guti\u00e9rrez, en el encuentro [&hellip;]<\/p>\n","protected":false},"author":75,"featured_media":262977,"comment_status":"closed","ping_status":"closed","sticky":false,"template":"","format":"standard","meta":{"footnotes":""},"categories":[15,2159,40],"tags":[],"class_list":["post-262975","post","type-post","status-publish","format-standard","has-post-thumbnail","hentry","category-destacadas","category-noticias-de-hidalgo","category-region"],"_links":{"self":[{"href":"https:\/\/plazajuarez.mx\/historico\/wp-json\/wp\/v2\/posts\/262975","targetHints":{"allow":["GET"]}}],"collection":[{"href":"https:\/\/plazajuarez.mx\/historico\/wp-json\/wp\/v2\/posts"}],"about":[{"href":"https:\/\/plazajuarez.mx\/historico\/wp-json\/wp\/v2\/types\/post"}],"author":[{"embeddable":true,"href":"https:\/\/plazajuarez.mx\/historico\/wp-json\/wp\/v2\/users\/75"}],"replies":[{"embeddable":true,"href":"https:\/\/plazajuarez.mx\/historico\/wp-json\/wp\/v2\/comments?post=262975"}],"version-history":[{"count":0,"href":"https:\/\/plazajuarez.mx\/historico\/wp-json\/wp\/v2\/posts\/262975\/revisions"}],"wp:featuredmedia":[{"embeddable":true,"href":"https:\/\/plazajuarez.mx\/historico\/wp-json\/wp\/v2\/media\/262977"}],"wp:attachment":[{"href":"https:\/\/plazajuarez.mx\/historico\/wp-json\/wp\/v2\/media?parent=262975"}],"wp:term":[{"taxonomy":"category","embeddable":true,"href":"https:\/\/plazajuarez.mx\/historico\/wp-json\/wp\/v2\/categories?post=262975"},{"taxonomy":"post_tag","embeddable":true,"href":"https:\/\/plazajuarez.mx\/historico\/wp-json\/wp\/v2\/tags?post=262975"}],"curies":[{"name":"wp","href":"https:\/\/api.w.org\/{rel}","templated":true}]}}