{"id":262850,"date":"2023-05-27T00:00:00","date_gmt":"2023-05-27T06:00:00","guid":{"rendered":"https:\/\/plazajuarez.mx\/?p=262850"},"modified":"2023-05-27T12:04:55","modified_gmt":"2023-05-27T18:04:55","slug":"mal-dia-para-checo-perez","status":"publish","type":"post","link":"https:\/\/plazajuarez.mx\/historico\/mal-dia-para-checo-perez\/","title":{"rendered":"MAL D\u00cdA PARA \u201cCHECO P\u00c9REZ\u201d"},"content":{"rendered":"\n<p>El mexicano Sergio P\u00e9rez (Red Bull), que ayer logr\u00f3 el s\u00e9ptimo tiempo de los entrenamientos libres para el Gran Premio de M\u00f3naco, el sexto del Mundial de F\u00f3rmula Uno, manifest\u00f3 que para \u00e9l &#8220;no ha sido un d\u00eda estupendo&#8221;, pero que &#8220;no&#8221; est\u00e1 &#8220;demasiado preocupado&#8221;.<\/p>\n\n\n\n<p>&#8220;No ha sido un d\u00eda estupendo en lo que al ritmo del coche se refiere; creo que el primer entrenamiento libre fue algo mejor que el segundo&#8221;, coment\u00f3 &#8216;Checo&#8217;, nacido hace 33 a\u00f1os en Guadalajara (Jalisco); que este viernes hab\u00eda sido cuarto en la sesi\u00f3n y que es segundo en el Mundial, con 105 puntos, a catorce del l\u00edder, su compa\u00f1ero, el neerland\u00e9s Max Verstappen (Red Bull), que este viernes fue el m\u00e1s r\u00e1pido de la jornada.<\/p>\n\n\n\n<p>&#8220;Despu\u00e9s de los cambios que hicimos en el coche tenemos numerosas cosas que revisar antes de la &#8216;cuali&#8217; del s\u00e1bado&#8221;, apunt\u00f3 el mexicano de Red Bull, en referencia a la calificaci\u00f3n de este s\u00e1bado, que podr\u00eda ser decisiva con miras a la carrera del domingo, en las estrechas calles de Montecarlo, en las que el a\u00f1o pasado logr\u00f3 una de sus seis victorias en la categor\u00eda reina; en la que suma 30 podios.<\/p>\n","protected":false},"excerpt":{"rendered":"<p>El mexicano Sergio P\u00e9rez (Red Bull), que ayer logr\u00f3 el s\u00e9ptimo tiempo de los entrenamientos libres para el Gran Premio de M\u00f3naco, el sexto del Mundial de F\u00f3rmula Uno, manifest\u00f3 que para \u00e9l &#8220;no ha sido un d\u00eda estupendo&#8221;, pero que &#8220;no&#8221; est\u00e1 &#8220;demasiado preocupado&#8221;. &#8220;No ha sido un d\u00eda estupendo en lo que al [&hellip;]<\/p>\n","protected":false},"author":80,"featured_media":262853,"comment_status":"closed","ping_status":"closed","sticky":false,"template":"","format":"standard","meta":{"footnotes":""},"categories":[39],"tags":[],"class_list":["post-262850","post","type-post","status-publish","format-standard","has-post-thumbnail","hentry","category-deportiva"],"_links":{"self":[{"href":"https:\/\/plazajuarez.mx\/historico\/wp-json\/wp\/v2\/posts\/262850","targetHints":{"allow":["GET"]}}],"collection":[{"href":"https:\/\/plazajuarez.mx\/historico\/wp-json\/wp\/v2\/posts"}],"about":[{"href":"https:\/\/plazajuarez.mx\/historico\/wp-json\/wp\/v2\/types\/post"}],"author":[{"embeddable":true,"href":"https:\/\/plazajuarez.mx\/historico\/wp-json\/wp\/v2\/users\/80"}],"replies":[{"embeddable":true,"href":"https:\/\/plazajuarez.mx\/historico\/wp-json\/wp\/v2\/comments?post=262850"}],"version-history":[{"count":0,"href":"https:\/\/plazajuarez.mx\/historico\/wp-json\/wp\/v2\/posts\/262850\/revisions"}],"wp:featuredmedia":[{"embeddable":true,"href":"https:\/\/plazajuarez.mx\/historico\/wp-json\/wp\/v2\/media\/262853"}],"wp:attachment":[{"href":"https:\/\/plazajuarez.mx\/historico\/wp-json\/wp\/v2\/media?parent=262850"}],"wp:term":[{"taxonomy":"category","embeddable":true,"href":"https:\/\/plazajuarez.mx\/historico\/wp-json\/wp\/v2\/categories?post=262850"},{"taxonomy":"post_tag","embeddable":true,"href":"https:\/\/plazajuarez.mx\/historico\/wp-json\/wp\/v2\/tags?post=262850"}],"curies":[{"name":"wp","href":"https:\/\/api.w.org\/{rel}","templated":true}]}}