{"id":262795,"date":"2023-05-26T15:42:54","date_gmt":"2023-05-26T21:42:54","guid":{"rendered":"https:\/\/plazajuarez.mx\/?p=262795"},"modified":"2023-05-26T15:43:00","modified_gmt":"2023-05-26T21:43:00","slug":"peru_-2","status":"publish","type":"post","link":"https:\/\/plazajuarez.mx\/historico\/peru_-2\/","title":{"rendered":"Qu\u00e9 acuerdo comercial une a M\u00e9xico y Per\u00fa"},"content":{"rendered":"\n<p> Este viernes, el presidente Andr\u00e9s Manuel L\u00f3pez Obrador puso en pausa las relaciones comerciales y econ\u00f3micas con Per\u00fa. El mandatario mexicano dijo que no se trata de romper relaciones con el pa\u00eds andino, sino de una pausa.<\/p>\n\n\n\n<p>A pesar de las preferencias arancelarias para comerciar bienes agr\u00edcolas e industriales que tienen M\u00e9xico y Per\u00fa, el comercio entre los dos pa\u00edses represent\u00f3 menos del 1% del comercio total del 2022.<\/p>\n\n\n\n<p>Las exportaciones de productos mexicanos que se enviaron al mercado peruano el a\u00f1o pasado ascendieron a un monto de casi mil 222 millones de d\u00f3lares, lo que represent\u00f3 el 0.32% del total exportado por M\u00e9xico, de acuerdo con informaci\u00f3n de la Secretar\u00eda de Econom\u00eda.<\/p>\n\n\n\n<p>\u00bfQu\u00e9 productos import\u00f3 M\u00e9xico a Per\u00fa?<\/p>\n\n\n\n<p>&#8220;Los principales productos exportados por M\u00e9xico fueron pantallas de televisi\u00f3n, autom\u00f3viles, veh\u00edculos de carga y tractocamiones, minerales de plata y cobre, barras corrugadas de acero, computadoras y electrodom\u00e9sticos&#8221;, seg\u00fan datos de la Secretar\u00eda de Relaciones Exteriores de M\u00e9xico.<\/p>\n\n\n\n<p>Mientras que las importaciones de productos peruanos en el 2022 fueron de 700 millones de d\u00f3lares, que equivalen al 0.17% de todo lo que importa nuestro pa\u00eds.<\/p>\n\n\n\n<p>&#8220;Los bienes que M\u00e9xico importa del Per\u00fa son mayoritariamente no tradicionales, siendo los productos m\u00e1s exportados: aceites de petr\u00f3leo en hidrocarburos, minerales de cobre, paprika, uvas, semillas y cacao en el agro, el calamar en pesca, los pl\u00e1sticos en qu\u00edmicos, y las maderas&#8221;, de acuerdo con la p\u00e1gina de internet de la la Canciller\u00eda.<\/p>\n\n\n\n<p>La Alianza del Pac\u00edfico constituye la novena econom\u00eda mundial y la sexta potencia exportadora, adem\u00e1s de que representa el 42% del PIB de Am\u00e9rica Latina y el Caribe.<\/p>\n","protected":false},"excerpt":{"rendered":"<p>Este viernes, el presidente Andr\u00e9s Manuel L\u00f3pez Obrador puso en pausa las relaciones comerciales y econ\u00f3micas con Per\u00fa. El mandatario mexicano dijo que no se trata de romper relaciones con el pa\u00eds andino, sino de una pausa. A pesar de las preferencias arancelarias para comerciar bienes agr\u00edcolas e industriales que tienen M\u00e9xico y Per\u00fa, el [&hellip;]<\/p>\n","protected":false},"author":81,"featured_media":262796,"comment_status":"closed","ping_status":"closed","sticky":false,"template":"","format":"standard","meta":{"footnotes":""},"categories":[36],"tags":[],"class_list":["post-262795","post","type-post","status-publish","format-standard","has-post-thumbnail","hentry","category-nacion"],"_links":{"self":[{"href":"https:\/\/plazajuarez.mx\/historico\/wp-json\/wp\/v2\/posts\/262795","targetHints":{"allow":["GET"]}}],"collection":[{"href":"https:\/\/plazajuarez.mx\/historico\/wp-json\/wp\/v2\/posts"}],"about":[{"href":"https:\/\/plazajuarez.mx\/historico\/wp-json\/wp\/v2\/types\/post"}],"author":[{"embeddable":true,"href":"https:\/\/plazajuarez.mx\/historico\/wp-json\/wp\/v2\/users\/81"}],"replies":[{"embeddable":true,"href":"https:\/\/plazajuarez.mx\/historico\/wp-json\/wp\/v2\/comments?post=262795"}],"version-history":[{"count":0,"href":"https:\/\/plazajuarez.mx\/historico\/wp-json\/wp\/v2\/posts\/262795\/revisions"}],"wp:featuredmedia":[{"embeddable":true,"href":"https:\/\/plazajuarez.mx\/historico\/wp-json\/wp\/v2\/media\/262796"}],"wp:attachment":[{"href":"https:\/\/plazajuarez.mx\/historico\/wp-json\/wp\/v2\/media?parent=262795"}],"wp:term":[{"taxonomy":"category","embeddable":true,"href":"https:\/\/plazajuarez.mx\/historico\/wp-json\/wp\/v2\/categories?post=262795"},{"taxonomy":"post_tag","embeddable":true,"href":"https:\/\/plazajuarez.mx\/historico\/wp-json\/wp\/v2\/tags?post=262795"}],"curies":[{"name":"wp","href":"https:\/\/api.w.org\/{rel}","templated":true}]}}