{"id":262792,"date":"2023-05-26T15:18:36","date_gmt":"2023-05-26T21:18:36","guid":{"rendered":"https:\/\/plazajuarez.mx\/?p=262792"},"modified":"2023-05-26T15:18:40","modified_gmt":"2023-05-26T21:18:40","slug":"nodal_-6","status":"publish","type":"post","link":"https:\/\/plazajuarez.mx\/historico\/nodal_-6\/","title":{"rendered":"Nodal, listo para el Foro Sol: &#8220;mi concierto m\u00e1s importante&#8221;"},"content":{"rendered":"\n<p> Pese a su pronto ascenso, Christian Nodal, tard\u00f3 m\u00e1s que otros exponentes de la m\u00fasica regional mexicana para tener su primer Foro Sol.<\/p>\n\n\n\n<p>Finalmente, despu\u00e9s de momentos duros en su vida, ahora en su nueva faceta como padre y junto a su pareja, la cantante argentina Cazzu, se dice en el mejor momento de su carrera para afrontar este reto.<\/p>\n\n\n\n<p>&#8220;Sin duda, en el mejor momento, es algo que ven\u00eda so\u00f1ando y que hoy en d\u00eda puedo ver cristalizado no solo en lo personal si no tambi\u00e9n en lo profesional&#8221;, cont\u00f3 en entrevista para EL UNIVERSAL.<\/p>\n\n\n\n<p>Adem\u00e1s de ese sue\u00f1o cristalizado, logra otro, el de ser padre, evento en su vida que le ha dado un impulso an\u00edmico para lo que viene en su carrera.<\/p>\n\n\n\n<p>&#8220;Creo que una noticia as\u00ed te llena el alma, es motivante ya que te obliga a seguir haciendo las cosas bien, a ser una buena persona, a disfrutar cada minuto de vida, escuchar, ver, conectar con los tuyos&#8221;, se\u00f1ala Christian.<\/p>\n\n\n\n<p>El d\u00eda de ma\u00f1ana, ante un posible lleno, Nodal no se siente abrumado, al contrario se siente preparado en lo que se\u00f1ala como &#8220;el show m\u00e1s importante de mi carrera&#8221;.<\/p>\n\n\n\n<p>Ser\u00e1, seg\u00fan cuenta, un show con muchas sorpresas, muchos invitados, y una nueva producci\u00f3n, diferente a las presentaciones que desde 2022 ha venido realizando.<\/p>\n\n\n\n<p>Christian no le presta atenci\u00f3n a las cr\u00edticas en redes sobre su apariencia u otras pol\u00e9micas que ha atravesado y que se han vuelto p\u00fablicas, como su ruptura con Belinda, o la canci\u00f3n dedicada a J Balvin: &#8220;Mucho amor para todos&#8221;, expres\u00f3 la voz de &#8220;Botella tras botella&#8221;.<\/p>\n\n\n\n<p>El 25 de mayo estren\u00f3 la segunda parte de su \u00e1lbum &#8220;Foraji2&#8221;, que incluye &#8220;Cazzualidades&#8221;, tema dedicado a su pareja Cazzu.<\/p>\n\n\n\n<p>&#8220;Simplemente son temas que buscan tocar el coraz\u00f3n de la gente, que de una u otra forma se sientan identificados y que inspire algo en ellos, sea amor, desamor, baile, borrachera&#8221;, cont\u00f3 el joven de 24 a\u00f1os.<\/p>\n\n\n\n<p>El concierto ser\u00e1 el d\u00eda de ma\u00f1ana 27 de mayo en el Foro Sol, a las 20:30 horas.<\/p>\n","protected":false},"excerpt":{"rendered":"<p>Pese a su pronto ascenso, Christian Nodal, tard\u00f3 m\u00e1s que otros exponentes de la m\u00fasica regional mexicana para tener su primer Foro Sol. Finalmente, despu\u00e9s de momentos duros en su vida, ahora en su nueva faceta como padre y junto a su pareja, la cantante argentina Cazzu, se dice en el mejor momento de su [&hellip;]<\/p>\n","protected":false},"author":81,"featured_media":262793,"comment_status":"closed","ping_status":"closed","sticky":false,"template":"","format":"standard","meta":{"footnotes":""},"categories":[38],"tags":[],"class_list":["post-262792","post","type-post","status-publish","format-standard","has-post-thumbnail","hentry","category-show"],"_links":{"self":[{"href":"https:\/\/plazajuarez.mx\/historico\/wp-json\/wp\/v2\/posts\/262792","targetHints":{"allow":["GET"]}}],"collection":[{"href":"https:\/\/plazajuarez.mx\/historico\/wp-json\/wp\/v2\/posts"}],"about":[{"href":"https:\/\/plazajuarez.mx\/historico\/wp-json\/wp\/v2\/types\/post"}],"author":[{"embeddable":true,"href":"https:\/\/plazajuarez.mx\/historico\/wp-json\/wp\/v2\/users\/81"}],"replies":[{"embeddable":true,"href":"https:\/\/plazajuarez.mx\/historico\/wp-json\/wp\/v2\/comments?post=262792"}],"version-history":[{"count":0,"href":"https:\/\/plazajuarez.mx\/historico\/wp-json\/wp\/v2\/posts\/262792\/revisions"}],"wp:featuredmedia":[{"embeddable":true,"href":"https:\/\/plazajuarez.mx\/historico\/wp-json\/wp\/v2\/media\/262793"}],"wp:attachment":[{"href":"https:\/\/plazajuarez.mx\/historico\/wp-json\/wp\/v2\/media?parent=262792"}],"wp:term":[{"taxonomy":"category","embeddable":true,"href":"https:\/\/plazajuarez.mx\/historico\/wp-json\/wp\/v2\/categories?post=262792"},{"taxonomy":"post_tag","embeddable":true,"href":"https:\/\/plazajuarez.mx\/historico\/wp-json\/wp\/v2\/tags?post=262792"}],"curies":[{"name":"wp","href":"https:\/\/api.w.org\/{rel}","templated":true}]}}