{"id":262789,"date":"2023-05-26T15:13:45","date_gmt":"2023-05-26T21:13:45","guid":{"rendered":"https:\/\/plazajuarez.mx\/?p=262789"},"modified":"2023-05-26T15:13:48","modified_gmt":"2023-05-26T21:13:48","slug":"formula-1","status":"publish","type":"post","link":"https:\/\/plazajuarez.mx\/historico\/formula-1\/","title":{"rendered":"La F\u00f3rmula 1 no le permitir\u00e1 a P\u00e9rez aventarse a la alberca"},"content":{"rendered":"\n<p> El Gran Premio de M\u00f3naco ya comenz\u00f3 con las primeras sesiones de entrenamiento que se realizaron este viernes.<\/p>\n\n\n\n<p>Sergio &#8220;Checo&#8221; P\u00e9rez finaliz\u00f3 en la s\u00e9ptima posici\u00f3n de la segunda sesi\u00f3n de entrenamiento, mientras que Max Verstappen se qued\u00f3 con el primer lugar.<\/p>\n\n\n\n<p>Los dos pilotos de Red Bull parten como los favoritos para ganar la carrera del pr\u00f3ximo domingo en el Circuito de Montecarlo.<\/p>\n\n\n\n<p>Cabe recordar que la temporada pasada ambos lograron subirse al podio; el mexicano se ubic\u00f3 en el primer lugar y el neerland\u00e9s en el tercero.<\/p>\n\n\n\n<p>Aquella ocasi\u00f3n, el tapat\u00edo nos regal\u00f3 una de las postales m\u00e1s ic\u00f3nicas en la historia del deporte mexicano, cuando se arroj\u00f3 a la piscina tras dominar el circuito urbano del principado.<\/p>\n\n\n\n<p>Sin embargo, para sorpresa de todos los seguidores de la F\u00f3rmula 1, este a\u00f1o no se podr\u00e1 realizar el cl\u00e1sico festejo de aventarse a la alberca.<\/p>\n\n\n\n<p>La m\u00e1xima categor\u00eda del automovilismo prefiri\u00f3 no seguir su costumbre, ya que las autoridades del principado lanzaron una alerta por la escasez de agua y solicitaron reducir su consumo.<\/p>\n","protected":false},"excerpt":{"rendered":"<p>El Gran Premio de M\u00f3naco ya comenz\u00f3 con las primeras sesiones de entrenamiento que se realizaron este viernes. Sergio &#8220;Checo&#8221; P\u00e9rez finaliz\u00f3 en la s\u00e9ptima posici\u00f3n de la segunda sesi\u00f3n de entrenamiento, mientras que Max Verstappen se qued\u00f3 con el primer lugar. Los dos pilotos de Red Bull parten como los favoritos para ganar la [&hellip;]<\/p>\n","protected":false},"author":81,"featured_media":262790,"comment_status":"closed","ping_status":"closed","sticky":false,"template":"","format":"standard","meta":{"footnotes":""},"categories":[39],"tags":[],"class_list":["post-262789","post","type-post","status-publish","format-standard","has-post-thumbnail","hentry","category-deportiva"],"_links":{"self":[{"href":"https:\/\/plazajuarez.mx\/historico\/wp-json\/wp\/v2\/posts\/262789","targetHints":{"allow":["GET"]}}],"collection":[{"href":"https:\/\/plazajuarez.mx\/historico\/wp-json\/wp\/v2\/posts"}],"about":[{"href":"https:\/\/plazajuarez.mx\/historico\/wp-json\/wp\/v2\/types\/post"}],"author":[{"embeddable":true,"href":"https:\/\/plazajuarez.mx\/historico\/wp-json\/wp\/v2\/users\/81"}],"replies":[{"embeddable":true,"href":"https:\/\/plazajuarez.mx\/historico\/wp-json\/wp\/v2\/comments?post=262789"}],"version-history":[{"count":0,"href":"https:\/\/plazajuarez.mx\/historico\/wp-json\/wp\/v2\/posts\/262789\/revisions"}],"wp:featuredmedia":[{"embeddable":true,"href":"https:\/\/plazajuarez.mx\/historico\/wp-json\/wp\/v2\/media\/262790"}],"wp:attachment":[{"href":"https:\/\/plazajuarez.mx\/historico\/wp-json\/wp\/v2\/media?parent=262789"}],"wp:term":[{"taxonomy":"category","embeddable":true,"href":"https:\/\/plazajuarez.mx\/historico\/wp-json\/wp\/v2\/categories?post=262789"},{"taxonomy":"post_tag","embeddable":true,"href":"https:\/\/plazajuarez.mx\/historico\/wp-json\/wp\/v2\/tags?post=262789"}],"curies":[{"name":"wp","href":"https:\/\/api.w.org\/{rel}","templated":true}]}}