{"id":262772,"date":"2023-05-26T14:46:15","date_gmt":"2023-05-26T20:46:15","guid":{"rendered":"https:\/\/plazajuarez.mx\/?p=262772"},"modified":"2023-05-26T14:47:22","modified_gmt":"2023-05-26T20:47:22","slug":"amlo_-40","status":"publish","type":"post","link":"https:\/\/plazajuarez.mx\/historico\/amlo_-40\/","title":{"rendered":"AMLO lamenta no poder ir a Machu Picchu"},"content":{"rendered":"\n<p> Tras ser declarado como persona no grata en Per\u00fa, el presidente Andr\u00e9s Manuel L\u00f3pez Obrador ironiz\u00f3 al se\u00f1alar que no podr\u00e1 conocer Machu Picchu.<\/p>\n\n\n\n<p>&#8220;El pueblo de Per\u00fa es extraordinario, ah\u00ed est\u00e1n los Incas, sino puedo ir a Per\u00fa lo \u00fanico que lamento es no poder ir a Machu Picchu, eso es lo \u00fanico y desde luego a ese pueblo extraordinario, bueno, es mucho pueblo el de Per\u00fa para tan poco gobierno&#8221;.<\/p>\n\n\n\n<p>El presidente Andr\u00e9s Manuel L\u00f3pez Obrador agradeci\u00f3 a los legisladores peruanos que votaron en contra de declararlo persona no grata.<\/p>\n\n\n\n<p>&#8220;Gracias a los que no votaron que me consideraron no grato, hubo quienes votaron en contra de esa propuesta, pero los cepillaron&#8221;.<\/p>\n\n\n\n<p>Este lunes, la Comisi\u00f3n de Relaciones Exteriores del Congreso de Per\u00fa aprob\u00f3 una moci\u00f3n que rechaza las declaraciones del presidente L\u00f3pez Obrador y lo declara &#8220;persona non grata&#8221;.<\/p>\n\n\n\n<p>El Presidente ha negado entregarle a Per\u00fa la presidencia de la Alianza del Pac\u00edfico por la crisis pol\u00edtica que deriv\u00f3 en deposici\u00f3n del presidente Pedro Castillo en diciembre, lo que ha calificado como una injusticia.<\/p>\n","protected":false},"excerpt":{"rendered":"<p>Tras ser declarado como persona no grata en Per\u00fa, el presidente Andr\u00e9s Manuel L\u00f3pez Obrador ironiz\u00f3 al se\u00f1alar que no podr\u00e1 conocer Machu Picchu. &#8220;El pueblo de Per\u00fa es extraordinario, ah\u00ed est\u00e1n los Incas, sino puedo ir a Per\u00fa lo \u00fanico que lamento es no poder ir a Machu Picchu, eso es lo \u00fanico y [&hellip;]<\/p>\n","protected":false},"author":81,"featured_media":262784,"comment_status":"closed","ping_status":"closed","sticky":false,"template":"","format":"standard","meta":{"footnotes":""},"categories":[36],"tags":[],"class_list":["post-262772","post","type-post","status-publish","format-standard","has-post-thumbnail","hentry","category-nacion"],"_links":{"self":[{"href":"https:\/\/plazajuarez.mx\/historico\/wp-json\/wp\/v2\/posts\/262772","targetHints":{"allow":["GET"]}}],"collection":[{"href":"https:\/\/plazajuarez.mx\/historico\/wp-json\/wp\/v2\/posts"}],"about":[{"href":"https:\/\/plazajuarez.mx\/historico\/wp-json\/wp\/v2\/types\/post"}],"author":[{"embeddable":true,"href":"https:\/\/plazajuarez.mx\/historico\/wp-json\/wp\/v2\/users\/81"}],"replies":[{"embeddable":true,"href":"https:\/\/plazajuarez.mx\/historico\/wp-json\/wp\/v2\/comments?post=262772"}],"version-history":[{"count":0,"href":"https:\/\/plazajuarez.mx\/historico\/wp-json\/wp\/v2\/posts\/262772\/revisions"}],"wp:featuredmedia":[{"embeddable":true,"href":"https:\/\/plazajuarez.mx\/historico\/wp-json\/wp\/v2\/media\/262784"}],"wp:attachment":[{"href":"https:\/\/plazajuarez.mx\/historico\/wp-json\/wp\/v2\/media?parent=262772"}],"wp:term":[{"taxonomy":"category","embeddable":true,"href":"https:\/\/plazajuarez.mx\/historico\/wp-json\/wp\/v2\/categories?post=262772"},{"taxonomy":"post_tag","embeddable":true,"href":"https:\/\/plazajuarez.mx\/historico\/wp-json\/wp\/v2\/tags?post=262772"}],"curies":[{"name":"wp","href":"https:\/\/api.w.org\/{rel}","templated":true}]}}