{"id":262769,"date":"2023-05-26T13:32:07","date_gmt":"2023-05-26T19:32:07","guid":{"rendered":"https:\/\/plazajuarez.mx\/?p=262769"},"modified":"2023-05-26T13:32:12","modified_gmt":"2023-05-26T19:32:12","slug":"uni_","status":"publish","type":"post","link":"https:\/\/plazajuarez.mx\/historico\/uni_\/","title":{"rendered":"Congreso de la CDMX aprueba uniforme neutro"},"content":{"rendered":"\n<p> Ahora los alumnos de educaci\u00f3n b\u00e1sica podr\u00e1n elegir si quieren usar pantal\u00f3n o falda para asistir a clases, esto luego de que el Congreso de la Ciudad de M\u00e9xico aprobara reformas aprobadas a la Ley de Educaci\u00f3n local.<\/p>\n\n\n\n<p>Esta propuesta fue presentada por la jefa de gobierno, Claudia Sheinbaum, hace algunos meses, aunque s\u00f3lo se consideraba que las ni\u00f1as pudieran escoger. No obstante, durante el debate la diputada del PRD Polimnia Romana present\u00f3 una reserva para que la posibilidad de elegir fuera para ni\u00f1os y ni\u00f1as por igual.<\/p>\n\n\n\n<p>&#8220;Toda ni\u00f1a, ni\u00f1o y adolescente tiene derecho al libre desarrollo de su personalidad. En los centros escolares, tanto p\u00fablicos como particulares, se permitir\u00e1 que las ni\u00f1as utilicen uniforme neutro. Ni\u00f1as y ni\u00f1os podr\u00e1n elegir libremente si desean usar pantal\u00f3n o falda para asistir a clases. Asimismo, los centros escolares deber\u00e1n abstenerse de imponer reglas que impliquen restricciones a los derechos del alumnado, motivadas por su apariencia f\u00edsica&#8221;, precisan las modificaciones aprobadas por los legisladores.<\/p>\n\n\n\n<p>\u00bfQu\u00e9 es el uniforme neutro en CDMX?<\/p>\n\n\n\n<p>Adem\u00e1s, este dictamen tambi\u00e9n propone que el Instituto Rosario Castellanos pase a ser Universidad.<\/p>\n\n\n\n<p>Asimismo, se establece en la Ley el programa la Escuela es Nuestra, que ser\u00e1 un apoyo universal anual a todas las escuelas p\u00fablicas de educaci\u00f3n b\u00e1sica para que, bajo la organizaci\u00f3n de padres y madres de familia, en coordinaci\u00f3n con las autoridades educativas, administren recursos para el mantenimiento de los planteles.<\/p>\n","protected":false},"excerpt":{"rendered":"<p>Ahora los alumnos de educaci\u00f3n b\u00e1sica podr\u00e1n elegir si quieren usar pantal\u00f3n o falda para asistir a clases, esto luego de que el Congreso de la Ciudad de M\u00e9xico aprobara reformas aprobadas a la Ley de Educaci\u00f3n local. Esta propuesta fue presentada por la jefa de gobierno, Claudia Sheinbaum, hace algunos meses, aunque s\u00f3lo se [&hellip;]<\/p>\n","protected":false},"author":81,"featured_media":262770,"comment_status":"closed","ping_status":"closed","sticky":false,"template":"","format":"standard","meta":{"footnotes":""},"categories":[36,2160],"tags":[],"class_list":["post-262769","post","type-post","status-publish","format-standard","has-post-thumbnail","hentry","category-nacion","category-noticias-de-la-ciudad-de-mexico"],"_links":{"self":[{"href":"https:\/\/plazajuarez.mx\/historico\/wp-json\/wp\/v2\/posts\/262769","targetHints":{"allow":["GET"]}}],"collection":[{"href":"https:\/\/plazajuarez.mx\/historico\/wp-json\/wp\/v2\/posts"}],"about":[{"href":"https:\/\/plazajuarez.mx\/historico\/wp-json\/wp\/v2\/types\/post"}],"author":[{"embeddable":true,"href":"https:\/\/plazajuarez.mx\/historico\/wp-json\/wp\/v2\/users\/81"}],"replies":[{"embeddable":true,"href":"https:\/\/plazajuarez.mx\/historico\/wp-json\/wp\/v2\/comments?post=262769"}],"version-history":[{"count":0,"href":"https:\/\/plazajuarez.mx\/historico\/wp-json\/wp\/v2\/posts\/262769\/revisions"}],"wp:featuredmedia":[{"embeddable":true,"href":"https:\/\/plazajuarez.mx\/historico\/wp-json\/wp\/v2\/media\/262770"}],"wp:attachment":[{"href":"https:\/\/plazajuarez.mx\/historico\/wp-json\/wp\/v2\/media?parent=262769"}],"wp:term":[{"taxonomy":"category","embeddable":true,"href":"https:\/\/plazajuarez.mx\/historico\/wp-json\/wp\/v2\/categories?post=262769"},{"taxonomy":"post_tag","embeddable":true,"href":"https:\/\/plazajuarez.mx\/historico\/wp-json\/wp\/v2\/tags?post=262769"}],"curies":[{"name":"wp","href":"https:\/\/api.w.org\/{rel}","templated":true}]}}