{"id":262766,"date":"2023-05-26T11:41:27","date_gmt":"2023-05-26T17:41:27","guid":{"rendered":"https:\/\/plazajuarez.mx\/?p=262766"},"modified":"2023-05-26T11:41:30","modified_gmt":"2023-05-26T17:41:30","slug":"avala-amlo-inversion-petrolera-por-parte-de-carlos-slim-para-explotar-yacimiento","status":"publish","type":"post","link":"https:\/\/plazajuarez.mx\/historico\/avala-amlo-inversion-petrolera-por-parte-de-carlos-slim-para-explotar-yacimiento\/","title":{"rendered":"Avala AMLO inversi\u00f3n petrolera por parte de Carlos Slim para explotar yacimiento"},"content":{"rendered":"\n<p>El presidente de M\u00e9xico, Andr\u00e9s Manuel L\u00f3pez Obrador, aval\u00f3 este viernes la compra por parte del magnate Carlos Slim de acciones de la empresa Talos para explotar el yacimiento petrolero Zama, ubicado en el Golfo de M\u00e9xico.<\/p>\n\n\n\n<p>&#8220;El grupo de Carlos Slim (Carso) compr\u00f3 acciones de una empresa petrolera que tiene una parte importante de inversi\u00f3n en las aguas someras del Golfo de M\u00e9xico. Esta empresa se llama Talos y esto significa que ya va a empezar a explotarse ese yacimiento que tiene mucho petroleo. (&#8230;) Esto es importante&#8221;, dijo el mandatario en su habitual conferencia de prensa matutina.<\/p>\n\n\n\n<p>Carso se asociar\u00e1 con Pemex para extraer el petr\u00f3leo, detall\u00f3 el presidente, porque es un yacimiento entregado en las llamadas rondas durante el Gobierno anterior, pero hay un yacimiento de la naci\u00f3n que no entr\u00f3 en la ronda para las concesiones.<\/p>\n\n\n\n<p>Explic\u00f3 que, al hacerse trabajos de exploraci\u00f3n se hall\u00f3 que es mayor el yacimiento de la naci\u00f3n, por lo que &#8220;Pemex va a contar con mas del 50 %, el 50+1 %&#8221;.<\/p>\n\n\n\n<p>El mandatario dijo que es importante la participaci\u00f3n de Carso tiene plataformas de perforaci\u00f3n y porque en el 29 podr\u00e1n estarse extrayendo de 150.000 a 180.000 barriles diarios de crudo.<\/p>\n\n\n\n<p>El mexicano Grupo Carso, propiedad del magnate Carlos Slim, inform\u00f3 el jueves que lleg\u00f3 a un acuerdo con la firma Talos Energy para adquirir el 49,9% de su subsidiaria en M\u00e9xico, que posee una participaci\u00f3n en el yacimiento petrolero Zama.<\/p>\n\n\n\n<p>Se espera que la transacci\u00f3n cierre durante el tercer trimestre de 2023, ya que est\u00e1 sujeta a aprobaciones regulatorias por parte de la Comisi\u00f3n Federal de Competencia Econ\u00f3mica (Cofece).<\/p>\n","protected":false},"excerpt":{"rendered":"<p>El presidente de M\u00e9xico, Andr\u00e9s Manuel L\u00f3pez Obrador, aval\u00f3 este viernes la compra por parte del magnate Carlos Slim de acciones de la empresa Talos para explotar el yacimiento petrolero Zama, ubicado en el Golfo de M\u00e9xico. &#8220;El grupo de Carlos Slim (Carso) compr\u00f3 acciones de una empresa petrolera que tiene una parte importante de [&hellip;]<\/p>\n","protected":false},"author":80,"featured_media":262767,"comment_status":"closed","ping_status":"closed","sticky":false,"template":"","format":"standard","meta":{"footnotes":""},"categories":[15,36],"tags":[],"class_list":["post-262766","post","type-post","status-publish","format-standard","has-post-thumbnail","hentry","category-destacadas","category-nacion"],"_links":{"self":[{"href":"https:\/\/plazajuarez.mx\/historico\/wp-json\/wp\/v2\/posts\/262766","targetHints":{"allow":["GET"]}}],"collection":[{"href":"https:\/\/plazajuarez.mx\/historico\/wp-json\/wp\/v2\/posts"}],"about":[{"href":"https:\/\/plazajuarez.mx\/historico\/wp-json\/wp\/v2\/types\/post"}],"author":[{"embeddable":true,"href":"https:\/\/plazajuarez.mx\/historico\/wp-json\/wp\/v2\/users\/80"}],"replies":[{"embeddable":true,"href":"https:\/\/plazajuarez.mx\/historico\/wp-json\/wp\/v2\/comments?post=262766"}],"version-history":[{"count":0,"href":"https:\/\/plazajuarez.mx\/historico\/wp-json\/wp\/v2\/posts\/262766\/revisions"}],"wp:featuredmedia":[{"embeddable":true,"href":"https:\/\/plazajuarez.mx\/historico\/wp-json\/wp\/v2\/media\/262767"}],"wp:attachment":[{"href":"https:\/\/plazajuarez.mx\/historico\/wp-json\/wp\/v2\/media?parent=262766"}],"wp:term":[{"taxonomy":"category","embeddable":true,"href":"https:\/\/plazajuarez.mx\/historico\/wp-json\/wp\/v2\/categories?post=262766"},{"taxonomy":"post_tag","embeddable":true,"href":"https:\/\/plazajuarez.mx\/historico\/wp-json\/wp\/v2\/tags?post=262766"}],"curies":[{"name":"wp","href":"https:\/\/api.w.org\/{rel}","templated":true}]}}