{"id":262457,"date":"2023-05-23T21:31:22","date_gmt":"2023-05-24T03:31:22","guid":{"rendered":"https:\/\/plazajuarez.mx\/?p=262457"},"modified":"2023-05-23T21:31:25","modified_gmt":"2023-05-24T03:31:25","slug":"benefician-a-preescolar-con-entrega-de-aula","status":"publish","type":"post","link":"https:\/\/plazajuarez.mx\/historico\/benefician-a-preescolar-con-entrega-de-aula\/","title":{"rendered":"Benefician a preescolar con entrega de aula"},"content":{"rendered":"\n<p class=\"wp-block-paragraph\">En el segundo d\u00eda de actividades de su gira de trabajo por la huasteca hidalguense, el secretario de Educaci\u00f3n P\u00fablica de Hidalgo, Natividad Castrej\u00f3n Valdez, visit\u00f3 este martes el Jard\u00edn de Ni\u00f1os \u201cLeona Vicario\u201d, en San Felipe Orizatl\u00e1n, donde realiz\u00f3 entrega simb\u00f3lica de un aula al preescolar ind\u00edgena \u201cMiguel Hidalgo y Costilla\u201d, adem\u00e1s de participar en la capacitaci\u00f3n sobre Protocolos Institucionales y Protocolo Cero.&nbsp;<\/p>\n\n\n\n<p class=\"wp-block-paragraph\">Ah\u00ed, el titular de la SEPH escuch\u00f3 las necesidades, convivi\u00f3 con la comunidad educativa e indic\u00f3 que una de las prioridades de la administraci\u00f3n que encabeza el gobernador Julio Menchaca Salazar, es brindar la mejor educaci\u00f3n a las y los estudiantes, con especial \u00e9nfasis, a quienes presentan condiciones de marginaci\u00f3n y vulnerabilidad.<\/p>\n\n\n\n<p class=\"wp-block-paragraph\">Reafirm\u00f3 su compromiso para seguir trabajando y atender las principales necesidades que se presentan en las escuelas, pues dijo, la educaci\u00f3n de las ni\u00f1as y ni\u00f1os es tarea prioritaria y condici\u00f3n determinante para el crecimiento de cualquier sociedad.<\/p>\n\n\n\n<p class=\"wp-block-paragraph\">En el jard\u00edn de ni\u00f1os, Natividad Castrej\u00f3n acompa\u00f1\u00f3 a supervisores, directivos, administrativos y docentes del sector 11 de nivel Preescolar General, a la pl\u00e1tica de Protocolos Institucionales y Protocolo Cero, con la finalidad de fomentar entornos de aprendizaje seguros, no violentos, inclusivos y eficaces para la comunidad educativa.<\/p>\n","protected":false},"excerpt":{"rendered":"<p>En el segundo d\u00eda de actividades de su gira de trabajo por la huasteca hidalguense, el secretario de Educaci\u00f3n P\u00fablica de Hidalgo, Natividad Castrej\u00f3n Valdez, visit\u00f3 este martes el Jard\u00edn de Ni\u00f1os \u201cLeona Vicario\u201d, en San Felipe Orizatl\u00e1n, donde realiz\u00f3 entrega simb\u00f3lica de un aula al preescolar ind\u00edgena \u201cMiguel Hidalgo y Costilla\u201d, adem\u00e1s de participar [&hellip;]<\/p>\n","protected":false},"author":93,"featured_media":262458,"comment_status":"closed","ping_status":"closed","sticky":false,"template":"","format":"standard","meta":{"footnotes":""},"categories":[59,2159],"tags":[],"class_list":["post-262457","post","type-post","status-publish","format-standard","has-post-thumbnail","hentry","category-general","category-noticias-de-hidalgo"],"_links":{"self":[{"href":"https:\/\/plazajuarez.mx\/historico\/wp-json\/wp\/v2\/posts\/262457","targetHints":{"allow":["GET"]}}],"collection":[{"href":"https:\/\/plazajuarez.mx\/historico\/wp-json\/wp\/v2\/posts"}],"about":[{"href":"https:\/\/plazajuarez.mx\/historico\/wp-json\/wp\/v2\/types\/post"}],"author":[{"embeddable":true,"href":"https:\/\/plazajuarez.mx\/historico\/wp-json\/wp\/v2\/users\/93"}],"replies":[{"embeddable":true,"href":"https:\/\/plazajuarez.mx\/historico\/wp-json\/wp\/v2\/comments?post=262457"}],"version-history":[{"count":0,"href":"https:\/\/plazajuarez.mx\/historico\/wp-json\/wp\/v2\/posts\/262457\/revisions"}],"wp:featuredmedia":[{"embeddable":true,"href":"https:\/\/plazajuarez.mx\/historico\/wp-json\/wp\/v2\/media\/262458"}],"wp:attachment":[{"href":"https:\/\/plazajuarez.mx\/historico\/wp-json\/wp\/v2\/media?parent=262457"}],"wp:term":[{"taxonomy":"category","embeddable":true,"href":"https:\/\/plazajuarez.mx\/historico\/wp-json\/wp\/v2\/categories?post=262457"},{"taxonomy":"post_tag","embeddable":true,"href":"https:\/\/plazajuarez.mx\/historico\/wp-json\/wp\/v2\/tags?post=262457"}],"curies":[{"name":"wp","href":"https:\/\/api.w.org\/{rel}","templated":true}]}}