{"id":262366,"date":"2023-05-23T10:39:24","date_gmt":"2023-05-23T16:39:24","guid":{"rendered":"https:\/\/plazajuarez.mx\/?p=262366"},"modified":"2023-05-23T10:39:27","modified_gmt":"2023-05-23T16:39:27","slug":"de-la-mona-al-bob-esponja-asi-le-llaman-a-los-inhalantes","status":"publish","type":"post","link":"https:\/\/plazajuarez.mx\/historico\/de-la-mona-al-bob-esponja-asi-le-llaman-a-los-inhalantes\/","title":{"rendered":"De la &#8220;mona&#8221; al &#8220;Bob Esponja&#8221;, as\u00ed le llaman a los inhalantes"},"content":{"rendered":"\n<p>La ma\u00f1ana de este 23 de mayo, Hugo L\u00f3pez-Gatell, subsecretario de Prevenci\u00f3n y Promoci\u00f3n de la Salud, inform\u00f3 que se ha identificado que los inhalantes son la droga de las personas con menos recursos.<br><br>Durante la conferencia matutina del presidente Andr\u00e9s Manuel L\u00f3pez Obrador, el subsecretario se\u00f1al\u00f3 que los inhalantes son la droga de los &#8220;m\u00e1s pobres&#8221;.<br><br>&#8220;Aqu\u00ed s\u00ed queremos destacar que los inhalantes muy caracter\u00edsticamente son la droga de las personas m\u00e1s pobres, de las personas m\u00e1s despose\u00eddas, que terminan a\u00fan en condiciones m\u00e1s adversas por consumir las drogas&#8221;, indic\u00f3.<br><br><strong>\u00bfC\u00f3mo le llaman a los inhalantes?<br><\/strong><br>Aunado a ello, L\u00f3pez-Gatell detall\u00f3 que esta droga tiene distintos nombres, los cuales son:<br><br>&#8211; Tinaco.<br>&#8211; Bolita.<br>&#8211; Mu\u00f1eca.<br>&#8211; Tpoy.<br>&#8211; Flan.<br>&#8211; Bob Esponja.<br>&#8211; Chem\u00f3n.<br>&#8211; Mona.<br>&#8211; Charco.<br>&#8211; Elev\u00f3n.<br>&#8211; Memo.<br>&#8211; Calacazo.<br>&#8211; Cemento.<br>&#8211; Acm\u00e9.<br>&#8211; Goma.<br>&#8211; Monkey.<br><br><strong>\u00bfCu\u00e1les son los efectos que causan los inhalantes?<br><\/strong><br>El funcionario de salud alert\u00f3 que algunos de los efectos de consumir esta droga son la disminuci\u00f3n de la capacidad de aprender y planear, dificulta la capacidad de moverse y coordinar, afecta el coraz\u00f3n, ri\u00f1ones, h\u00edgados y m\u00fasculos, adem\u00e1s de disminuir el ox\u00edgeno que llega al cerebro.<\/p>\n","protected":false},"excerpt":{"rendered":"<p>La ma\u00f1ana de este 23 de mayo, Hugo L\u00f3pez-Gatell, subsecretario de Prevenci\u00f3n y Promoci\u00f3n de la Salud, inform\u00f3 que se ha identificado que los inhalantes son la droga de las personas con menos recursos. Durante la conferencia matutina del presidente Andr\u00e9s Manuel L\u00f3pez Obrador, el subsecretario se\u00f1al\u00f3 que los inhalantes son la droga de los [&hellip;]<\/p>\n","protected":false},"author":81,"featured_media":262367,"comment_status":"closed","ping_status":"closed","sticky":false,"template":"","format":"standard","meta":{"footnotes":""},"categories":[15,36],"tags":[],"class_list":["post-262366","post","type-post","status-publish","format-standard","has-post-thumbnail","hentry","category-destacadas","category-nacion"],"_links":{"self":[{"href":"https:\/\/plazajuarez.mx\/historico\/wp-json\/wp\/v2\/posts\/262366","targetHints":{"allow":["GET"]}}],"collection":[{"href":"https:\/\/plazajuarez.mx\/historico\/wp-json\/wp\/v2\/posts"}],"about":[{"href":"https:\/\/plazajuarez.mx\/historico\/wp-json\/wp\/v2\/types\/post"}],"author":[{"embeddable":true,"href":"https:\/\/plazajuarez.mx\/historico\/wp-json\/wp\/v2\/users\/81"}],"replies":[{"embeddable":true,"href":"https:\/\/plazajuarez.mx\/historico\/wp-json\/wp\/v2\/comments?post=262366"}],"version-history":[{"count":0,"href":"https:\/\/plazajuarez.mx\/historico\/wp-json\/wp\/v2\/posts\/262366\/revisions"}],"wp:featuredmedia":[{"embeddable":true,"href":"https:\/\/plazajuarez.mx\/historico\/wp-json\/wp\/v2\/media\/262367"}],"wp:attachment":[{"href":"https:\/\/plazajuarez.mx\/historico\/wp-json\/wp\/v2\/media?parent=262366"}],"wp:term":[{"taxonomy":"category","embeddable":true,"href":"https:\/\/plazajuarez.mx\/historico\/wp-json\/wp\/v2\/categories?post=262366"},{"taxonomy":"post_tag","embeddable":true,"href":"https:\/\/plazajuarez.mx\/historico\/wp-json\/wp\/v2\/tags?post=262366"}],"curies":[{"name":"wp","href":"https:\/\/api.w.org\/{rel}","templated":true}]}}