{"id":261946,"date":"2023-05-19T09:12:14","date_gmt":"2023-05-19T15:12:14","guid":{"rendered":"https:\/\/plazajuarez.mx\/?p=261946"},"modified":"2023-05-19T09:12:18","modified_gmt":"2023-05-19T15:12:18","slug":"una-tormenta-de-luz-recibe-el-museo-del-desierto-en-estado-mexicano-de-coahuila","status":"publish","type":"post","link":"https:\/\/plazajuarez.mx\/historico\/una-tormenta-de-luz-recibe-el-museo-del-desierto-en-estado-mexicano-de-coahuila\/","title":{"rendered":"Una &#8220;Tormenta de Luz&#8221; recibe el Museo del Desierto en estado mexicano de Coahuila"},"content":{"rendered":"\n<p class=\"wp-block-paragraph\">El talento de la Orquesta Filarm\u00f3nica del Desierto, las im\u00e1genes de 15 desiertos alrededor del mundo y el uso de la inteligencia artificial, se conjugaron para dar forma al espect\u00e1culo &#8220;Tormenta de Luz&#8221; que debut\u00f3 la noche de este mi\u00e9rcoles en la ciudad de Saltillo, estado de Coahuila, norte de M\u00e9xico.<\/p>\n\n\n\n<p class=\"wp-block-paragraph\">El Museo del Desierto fue el lugar que hosped\u00f3 este espect\u00e1culo, en la primera de sus dos funciones mi\u00e9rcoles y jueves.<\/p>\n\n\n\n<p class=\"wp-block-paragraph\">La experiencia inmersiva estuvo integrada por m\u00fasica, fotograf\u00eda, animaci\u00f3n e inteligencia artificial, as\u00ed como un poema de Mercedes Luna, Premio Nacional de Literatura Gilberto Owen.<\/p>\n\n\n\n<p class=\"wp-block-paragraph\">El proyecto fue concebido por el artista visual y cineasta Alfredo De Stefano, quien present\u00f3 el material que fotografi\u00f3 a lo largo de 20 a\u00f1os de carrera y est\u00e1 integrado por maravillosas im\u00e1genes de m\u00e1s de 15 desiertos del mundo, entre ellos, Sahara, Namibia y Gobi.<\/p>\n\n\n\n<p class=\"wp-block-paragraph\">Las fotograf\u00edas se presentaron en una enorme pantalla, de 18 metros de largo por 4 metros de alto y atraparon con su grandeza a los asistentes.<\/p>\n\n\n\n<p class=\"wp-block-paragraph\">Precisamente el p\u00fablico, en esa primera parte del espect\u00e1culo, disfrut\u00f3 de los acordes de &#8220;Las Cuatro Estaciones&#8221; de Antonio Vivaldi, interpretadas por la Orquesta Filarm\u00f3nica del Desierto.<\/p>\n\n\n\n<p class=\"wp-block-paragraph\">La orquesta es dirigida por Natanael Espinoza y la producci\u00f3n corri\u00f3 a cargo de Salvador Alejandro Garza, quien es graduado en Producci\u00f3n Contempor\u00e1nea en Londres, Inglaterra.<\/p>\n\n\n\n<p class=\"wp-block-paragraph\">Para la segunda parte del programa destac\u00f3 la pieza electroac\u00fastica &#8220;Elec 3 Cities&#8221; que fue creada para el evento por Obed Cort\u00e9s, timbalista de la orquesta y que permiti\u00f3 un recorrido por la experiencia de los &#8220;mundos&#8221; creados por la inteligencia artificial.<\/p>\n\n\n\n<p class=\"wp-block-paragraph\">De Stefano es un reconocido artista, originario de la ciudad de Monclova, tambi\u00e9n en el estado de Coahuila, que ha dedicado gran parte de su vida a fotografiar \u00e1ridos paisajes alrededor del mundo.<\/p>\n\n\n\n<p class=\"wp-block-paragraph\">Adem\u00e1s, en 2001 realiz\u00f3 el documental &#8220;Yermo&#8221; con el cineasta Everardo Gonz\u00e1lez y el material fue nominado a dos premios Ariel, el m\u00e1ximo galard\u00f3n de la cinematograf\u00eda en M\u00e9xico.<\/p>\n\n\n\n<p class=\"wp-block-paragraph\">La direcci\u00f3n digital del espect\u00e1culo corri\u00f3 a cargo del propio De Stefano y David Medina y la programaci\u00f3n de la inteligencia artificial de Daniel Magallanes.<\/p>\n","protected":false},"excerpt":{"rendered":"<p>El talento de la Orquesta Filarm\u00f3nica del Desierto, las im\u00e1genes de 15 desiertos alrededor del mundo y el uso de la inteligencia artificial, se conjugaron para dar forma al espect\u00e1culo &#8220;Tormenta de Luz&#8221; que debut\u00f3 la noche de este mi\u00e9rcoles en la ciudad de Saltillo, estado de Coahuila, norte de M\u00e9xico. El Museo del Desierto [&hellip;]<\/p>\n","protected":false},"author":80,"featured_media":261947,"comment_status":"closed","ping_status":"closed","sticky":false,"template":"","format":"standard","meta":{"footnotes":""},"categories":[41],"tags":[],"class_list":["post-261946","post","type-post","status-publish","format-standard","has-post-thumbnail","hentry","category-arteria-cultural"],"_links":{"self":[{"href":"https:\/\/plazajuarez.mx\/historico\/wp-json\/wp\/v2\/posts\/261946","targetHints":{"allow":["GET"]}}],"collection":[{"href":"https:\/\/plazajuarez.mx\/historico\/wp-json\/wp\/v2\/posts"}],"about":[{"href":"https:\/\/plazajuarez.mx\/historico\/wp-json\/wp\/v2\/types\/post"}],"author":[{"embeddable":true,"href":"https:\/\/plazajuarez.mx\/historico\/wp-json\/wp\/v2\/users\/80"}],"replies":[{"embeddable":true,"href":"https:\/\/plazajuarez.mx\/historico\/wp-json\/wp\/v2\/comments?post=261946"}],"version-history":[{"count":0,"href":"https:\/\/plazajuarez.mx\/historico\/wp-json\/wp\/v2\/posts\/261946\/revisions"}],"wp:featuredmedia":[{"embeddable":true,"href":"https:\/\/plazajuarez.mx\/historico\/wp-json\/wp\/v2\/media\/261947"}],"wp:attachment":[{"href":"https:\/\/plazajuarez.mx\/historico\/wp-json\/wp\/v2\/media?parent=261946"}],"wp:term":[{"taxonomy":"category","embeddable":true,"href":"https:\/\/plazajuarez.mx\/historico\/wp-json\/wp\/v2\/categories?post=261946"},{"taxonomy":"post_tag","embeddable":true,"href":"https:\/\/plazajuarez.mx\/historico\/wp-json\/wp\/v2\/tags?post=261946"}],"curies":[{"name":"wp","href":"https:\/\/api.w.org\/{rel}","templated":true}]}}