{"id":261904,"date":"2023-05-19T05:00:00","date_gmt":"2023-05-19T11:00:00","guid":{"rendered":"https:\/\/plazajuarez.mx\/?p=261904"},"modified":"2023-05-18T21:38:57","modified_gmt":"2023-05-19T03:38:57","slug":"numeros-en-cuenta-regresiva","status":"publish","type":"post","link":"https:\/\/plazajuarez.mx\/historico\/numeros-en-cuenta-regresiva\/","title":{"rendered":"N\u00fameros en cuenta regresiva"},"content":{"rendered":"\n<h2 class=\"wp-block-heading\"><strong>RETRATOS HABLADOS<\/strong><\/h2>\n\n\n\n<p class=\"wp-block-paragraph\">Cada minuto deb\u00eda pasar el dedo \u00edndice sobre el TrackPad de la computadora, sensible a tal grado que pod\u00eda apagar la pantalla y con ello apagar sus ilusiones, estacionadas en una numeraci\u00f3n absurdamente grande que indicaba su turno para adquirir un boleto, y ser asistente presencial del regreso de un artista que hab\u00eda estado fuera de circulaci\u00f3n m\u00e1s de cinco a\u00f1os.<\/p>\n\n\n\n<p class=\"wp-block-paragraph\">Muy r\u00e1pidamente olvid\u00f3 la raz\u00f3n de pasar d\u00edas enteros con sus noches en vigilia, en un marat\u00f3n pero de reversa, hasta que le tocara un cero, que pasados los meses concluy\u00f3 que nunca llegar\u00eda; pero que adem\u00e1s poco le importaba si as\u00ed suced\u00eda, porque hab\u00eda concluido que en la pantalla de su computadora, ya no se trataba de ganar la asistencia a un espect\u00e1culo, sino de ser la primera en sumergirse en lo que se hab\u00eda hablado desde siempre, y en lo que cre\u00eda con absoluta fe: la verdadera vida, no la que se le hab\u00eda presentado desde ni\u00f1a, y que sab\u00eda era una mentira.<\/p>\n\n\n\n<p class=\"wp-block-paragraph\">Por supuesto no fue la \u00fanica persona en atribuirle un sentido totalmente diferente a esa largu\u00edsima espera, para poder comprar un boleto, y ser testigo del retorno a los escenarios largamente aplazado, del cantante, showman, bailar\u00edn; en fin, todo lo que debe tener un personaje que atrae multitudes.<\/p>\n\n\n\n<p class=\"wp-block-paragraph\">Tan solo en la casa contigua a donde viv\u00eda, se desat\u00f3 la violencia, porque un perseguidor de n\u00fameros, anunci\u00f3 que era poseedor de un centenar de boletos en primer\u00edsimos lugares, dignos de un Rey, porque ofrec\u00edan una vista \u00fanica del espacio y sus astros, est\u00e1 claro que El Sol incluido.<\/p>\n\n\n\n<p class=\"wp-block-paragraph\">Sin previo aviso, su hogar fue asaltado por una horda de criminales bien organizados, y listos para poner en marcha una reventa monumental, con precios inflados hasta en un 100 mil por ciento. No dudaron por eso en tirar una pedrada a la ventana del sujeto escandaloso, obligarlo a bajar, descargarle cinco balazos entre pecho, frente y barriga, para encontrarse de pronto con que no era cierto lo que anunciaba, aunque ya en el postrero adi\u00f3s, alcanz\u00f3 a decir: \u201cPor favor, no desperdicien esta oportunidad, que mi sacrificio no sea en vano, viajaremos en una nave gigantesca con gente de todo el mundo. Son los \u00fanicos que habr\u00e1n de salvarse para salvar a la humanidad\u201d. Despu\u00e9s muri\u00f3 y los malandrines maldijeron su suerte, de venir a encontrarse a un fan\u00e1tico de la invasi\u00f3n extraterrestre, y la salvaci\u00f3n a manos de los mismos.<\/p>\n\n\n\n<p class=\"wp-block-paragraph\">Otros encontraron atributos m\u00e1gicos a los n\u00fameros que cambiaban con un ritmo que podr\u00eda considerarse hasta subjetivo, es decir que no correspond\u00eda a si la venta de boletos se incrementaba de manera escandalosa; simplemente era que muchas m\u00e1quinas adquirieron voluntad propia, al ser tan acariciadas y sacudidas en sus m\u00e1s rec\u00f3nditos sentimientos. De tal manera que una ma\u00f1ana, la sala de espera configurada para dar el conteo de reversa a los que esperaban, empez\u00f3 a difundir combinaciones solo propias de la C\u00e1bala jud\u00eda, que algunos se apresuraron a descifrar, y concluir que el fin del mundo estaba a la vuelta de la esquina, y no se diga de la llegada de su Mes\u00edas, esperado por siglos.<\/p>\n\n\n\n<p class=\"wp-block-paragraph\">Ella confesar\u00eda despu\u00e9s que ni lo uno, ni lo otro. Simplemente aprendi\u00f3 a ver cada n\u00famero con nuevos ojos, y la verdad, pasado un a\u00f1o de que esta locura hab\u00eda empezado, supo que incluso ten\u00edan sonidos especiales, paisajes cuando se conjugaban de alguna manera; sue\u00f1os que se conectaban a su cerebro, y no solo los ve\u00eda, sino que pod\u00eda vivirlos, ser parte de una realidad distinta, que nada ten\u00eda que ver con una computadora port\u00e1til, un portal del artista, y una largu\u00edsima lista de espera.<\/p>\n\n\n\n<p class=\"wp-block-paragraph\">Una noche se enter\u00f3 que esa visi\u00f3n hab\u00eda desplazado a la de los extraterrestres bondadosos que nos llevaban a otro planeta, igual que la del libro de la C\u00e1bala.<\/p>\n\n\n\n<p class=\"wp-block-paragraph\">Por desgracia fueron contados los que adquirieron esta habilidad de enlazar los sue\u00f1os con n\u00fameros, que van en cuenta regresiva.<\/p>\n\n\n\n<p class=\"wp-block-paragraph\">Pero esos fueron suficientes para salvar el Universo mismo, con todo y que nadie de esos seleccionados, hab\u00eda ido al concierto del artista solsticio de verano.<\/p>\n\n\n\n<p class=\"wp-block-paragraph\">Mil gracias, hasta el lunes.<\/p>\n\n\n\n<p class=\"wp-block-paragraph\">Mi Correo: <a href=\"mailto:jeperalta@plazajuarez.mx\/historico\/historico\">jeperalta@plazajuarez.mx\/historico\/historico<\/a><\/p>\n\n\n\n<p class=\"wp-block-paragraph\">Mi Twitter: @JavierEPeralta<\/p>\n","protected":false},"excerpt":{"rendered":"<p>RETRATOS HABLADOS Cada minuto deb\u00eda pasar el dedo \u00edndice sobre el TrackPad de la computadora, sensible a tal grado que pod\u00eda apagar la pantalla y con ello apagar sus ilusiones, estacionadas en una numeraci\u00f3n absurdamente grande que indicaba su turno para adquirir un boleto, y ser asistente presencial del regreso de un artista que hab\u00eda [&hellip;]<\/p>\n","protected":false},"author":10,"featured_media":241756,"comment_status":"closed","ping_status":"closed","sticky":false,"template":"","format":"standard","meta":{"footnotes":""},"categories":[49,42],"tags":[],"class_list":["post-261904","post","type-post","status-publish","format-standard","has-post-thumbnail","hentry","category-javier-peralta","category-nuestrapalabra"],"_links":{"self":[{"href":"https:\/\/plazajuarez.mx\/historico\/wp-json\/wp\/v2\/posts\/261904","targetHints":{"allow":["GET"]}}],"collection":[{"href":"https:\/\/plazajuarez.mx\/historico\/wp-json\/wp\/v2\/posts"}],"about":[{"href":"https:\/\/plazajuarez.mx\/historico\/wp-json\/wp\/v2\/types\/post"}],"author":[{"embeddable":true,"href":"https:\/\/plazajuarez.mx\/historico\/wp-json\/wp\/v2\/users\/10"}],"replies":[{"embeddable":true,"href":"https:\/\/plazajuarez.mx\/historico\/wp-json\/wp\/v2\/comments?post=261904"}],"version-history":[{"count":0,"href":"https:\/\/plazajuarez.mx\/historico\/wp-json\/wp\/v2\/posts\/261904\/revisions"}],"wp:featuredmedia":[{"embeddable":true,"href":"https:\/\/plazajuarez.mx\/historico\/wp-json\/wp\/v2\/media\/241756"}],"wp:attachment":[{"href":"https:\/\/plazajuarez.mx\/historico\/wp-json\/wp\/v2\/media?parent=261904"}],"wp:term":[{"taxonomy":"category","embeddable":true,"href":"https:\/\/plazajuarez.mx\/historico\/wp-json\/wp\/v2\/categories?post=261904"},{"taxonomy":"post_tag","embeddable":true,"href":"https:\/\/plazajuarez.mx\/historico\/wp-json\/wp\/v2\/tags?post=261904"}],"curies":[{"name":"wp","href":"https:\/\/api.w.org\/{rel}","templated":true}]}}