{"id":2618,"date":"2015-03-22T06:00:00","date_gmt":"2015-03-22T06:00:00","guid":{"rendered":"http:\/\/plazajuarez.mx\/index\/index.php\/2015\/03\/22\/futbol-internacional-31\/"},"modified":"2015-03-22T06:00:00","modified_gmt":"2015-03-22T06:00:00","slug":"futbol-internacional-31","status":"publish","type":"post","link":"https:\/\/plazajuarez.mx\/historico\/futbol-internacional-31\/","title":{"rendered":"Futbol Internacional"},"content":{"rendered":"<p>BARCELONA VS REAL MADRID<\/p>\n<p><strong>Por cima de la liga y el honor <\/strong><\/p>\n<ul>\n<li>El partido se realizar\u00e1 a las 14 horas (tiempo de M\u00e9xico) <!--more--> <\/li>\n<\/ul>\n<p>Barcelona y Real Madrid protagonizan hoy en el Camp Nou un Cl\u00e1sico con tintes decisivos en el pulso que mantienen por el t\u00edtulo de Liga espa\u00f1ola 2014\u20112015, al que llega l\u00edder el equipo de Luis Enrique tras una remontada brillante guiado por el argentino Lionel Messi, ante un rival irregular en 2015 que busca un triunfo que le devuelva el primer puesto y su imagen.<\/p>\n<p>\u00a0<\/p>\n<p>El delantero mexicano Javier &#8216;Chicharito&#8217; Hern\u00e1ndez fue convocado por el t\u00e9cnico blanco, Carlo Ancelotti, y estar\u00e1 a la espera de tener minutos para mostrar su capacidad goleadora en este importante partido.<\/p>\n<p>\u00a0<\/p>\n<p>El FC Barcelona afronta el cl\u00e1sico como una oportunidad \u00fanica de abrir una brecha de cuatro puntos con los madridistas en lo alto de la tabla, donde los azulgrana lideran con un punto de ventaja.<\/p>\n<p>\u00a0<\/p>\n<p>La clasificaci\u00f3n ofrece un escenario no contemplado por los azulgrana hace unas semanas, conscientes de que ambos conjuntos llegar\u00edan al Cl\u00e1sico con m\u00ednimas ventajas, como ahora, pero con el Real Madrid liderando la tabla y con una idea de arrebatarle la primera posici\u00f3n.<\/p>\n<p>\u00a0<\/p>\n<p>No obstante, los diferentes tropiezos blancos que se han dado, han permitido al equipo de Luis Enrique Mart\u00ednez asentarse en el liderato, que llega despu\u00e9s de un arranque de 2015 casi con el expediente impoluto, s\u00f3lo manchado por una derrota que no entraba en los planes del conjunto catal\u00e1n, contra el M\u00e1laga en el Camp Nou (0\u20111), al margen del primer tropiezo del a\u00f1o contra la Real Sociedad en Anoeta (1\u20110).<\/p>\n<p><strong>\u00a0<\/strong><\/p>\n<p>En diecinueve partidos seguidos en este 2015, el Barcelona ha fallado s\u00f3lo en estos dos encuentros y ha firmado 17 victorias en todas las competiciones (Liga, Copa y Liga de Campeones), dando un salto de calidad que le ha situado l\u00edder en la Liga, en la final de la Copa del Rey y ya clasificado para cuartos de final en Europa, donde se volver\u00e1 a medir el Par\u00eds Saint\u2011Germain.<\/p>\n<p>\u00a0<\/p>\n<p>Para el partido contra el Real Madrid los de Luis Enrique s\u00f3lo tienen la duda de Sergio Busquets, quien si al final entra en la lista de convocados (se conocer\u00e1 el s\u00e1bado), no parece que el t\u00e9cnico lo vaya a forzar para ocupar el pivote central en el centro del campo, posici\u00f3n que se espera que cubra el argentino Javier Mascherano, quien ya se perdi\u00f3 el encuentro contra el Eibar para no arriesgarse a una sanci\u00f3n, ya que est\u00e1 apercibido.<\/p>\n<p>\u00a0<\/p>\n<p>De esta forma, Mascherano ser\u00e1 el que arropar\u00e1 a Iniesta y Rakitic en el centro del campo, mientras que la vacante que deja atr\u00e1s el argentino se espera que la cubra Mathieu, en un dibujo que ya present\u00f3 el Barcelona el pasado mi\u00e9rcoles en la vuelta de los octavos de la Champions contra el Manchester City (1\u20110). Sin la presencia de Busquets, Luis Enrique repetir\u00eda el once del City, con un \u00fanico cambio de portero, entrando Bravo por Ter Stegen. En ataque, hace tiempo que el t\u00e9cnico ya no hace demasiadas probaturas ni rotaciones y el tridente azulgrana compuesto por Messi, Luis Su\u00e1rez y Neymar buscar\u00e1 un triunfo clave y dejar tocado al gran rival.<\/p>\n<p><strong><br \/> <\/strong><\/p>\n<p><strong>**<\/strong><\/p>\n<p><strong>\u00a0<\/strong><\/p>\n<p><strong>Messi nunca saldr\u00e1 del Barcelona<\/strong><\/p>\n<p><strong>\u00a0<\/strong><\/p>\n<p>El presidente del Barcelona, Josep Mar\u00eda Bartomeu, afirm\u00f3\u00a0 que su estrella argentino Leo Messi &#8220;se retirar\u00e1&#8221; en el club catal\u00e1n, a la vez que ha asegurado que el franc\u00e9s Paul Pogba es &#8220;un gran jugador&#8221; y habr\u00e1 que preguntar a la Juventus si &#8220;desea venderlo&#8221;.<\/p>\n<p>\u00a0<\/p>\n<p>&#8220;(\u00bfVender a Messi?) Imposible. Quien lo dice lo hace para desestabilizarle. Leo ha crecido aqu\u00ed, en el Barcelona, y por tanto se retirar\u00e1 en el Barcelona. Creo que tambi\u00e9n es su objetivo&#8221;, ha afirm\u00f3 Bartomeu en una entrevista publicada este s\u00e1bado por el diario milan\u00e9s &#8220;La Gazzetta dello Sport&#8221;.<\/p>\n<p>\u00a0<\/p>\n<p>El presidente del Barcelona, asimismo, que ha sido &#8220;incre\u00edblemente exagerada&#8221; la presunta crisis habida entre Messi con el t\u00e9cnico Luis Enrique: &#8220;En cualquier caso, son roces entre jugadores y entrenador. Es normal. Acontece en cualquier \u00e1mbito laboral. Un buen equipo crece sobre el binomio conflicto\u2011soluciones&#8221;.<\/p>\n<p>\u00a0<\/p>\n<p>Sobre Pogba dijo: &#8220;&#8221;No comento. Tiene un contrato con la Juventus, un club por el que tenemos el m\u00e1ximo respeto. Puedo decir que Paul es un gran jugador, despu\u00e9s ser\u00e1 necesario preguntar al Juventus si tiene la intenci\u00f3n de venderlo&#8221;.<\/p>\n<p><strong>***<\/strong><\/p>\n<p>\u00a0<\/p>\n<p><strong>Jim\u00e9nez habla sobre su actuaci\u00f3n el Atl\u00e9tico<\/strong><\/p>\n<p>\u00a0<\/p>\n<p>El mexicano Ra\u00fal Jim\u00e9nez, delantero del Atl\u00e9tico de Madrid, mencion\u00f3, tras el triunfo de ayer\u00a0 por 2\u20110 sobre el Getafe y su vuelta al once inicial despu\u00e9s de 18 encuentros, que quiere ser importante en el equipo rojiblanco y espera seguir contando con minutos para demostrarlo en este tramo final de Liga.<\/p>\n<p>\u00a0<\/p>\n<p>Minutos antes, el argentino Diego Simeone, su entrenador, hab\u00eda hablado de \u00e9l en rueda de prensa. &#8220;Estamos convencidos de que ser\u00e1 un jugador muy importante para la Liga&#8221;, explic\u00f3 el t\u00e9cnico, de lo que el atacante valor\u00f3: &#8220;Yo tambi\u00e9n lo quiero, es lo que he venido a buscar. Esperemos seguir contando con minutos para demostrarlo&#8221;.<\/p>\n<p>\u00a0<\/p>\n<p>&#8220;Uno se va adaptando a lo que es el futbol europeo. Siempre al principio cuesta trabajo. Desde M\u00e9xico no lo ves de esa forma, pero una vez estando aqu\u00ed es diferente, cambia el estilo de juego y hay que adaptarse r\u00e1pido. Hoy me siento m\u00e1s suelto y m\u00e1s confiado&#8221;.<\/p>\n<p>\u00a0<\/p>\n<p>&#8220;Desde que iba a iniciar el partido, varios de mis compa\u00f1eros me estuvieron diciendo que con confianza, con seguridad, que la agarrara y que no tuviera miedo. Y eso te ayuda mucho&#8221;, prosigui\u00f3 el futbolista, satisfecho &#8220;por haber podido participar de los dos goles&#8221; ante el Getafe, &#8220;es algo siempre bueno para el equipo&#8221;.<\/p>\n<p>***<\/p>\n","protected":false},"excerpt":{"rendered":"<p>BARCELONA VS REAL MADRID Por cima de la liga y el honor El partido se realizar\u00e1 a las 14 horas (tiempo de M\u00e9xico)<\/p>\n","protected":false},"author":93,"featured_media":0,"comment_status":"open","ping_status":"open","sticky":false,"template":"","format":"standard","meta":{"footnotes":""},"categories":[39],"tags":[],"class_list":["post-2618","post","type-post","status-publish","format-standard","hentry","category-deportiva"],"_links":{"self":[{"href":"https:\/\/plazajuarez.mx\/historico\/wp-json\/wp\/v2\/posts\/2618","targetHints":{"allow":["GET"]}}],"collection":[{"href":"https:\/\/plazajuarez.mx\/historico\/wp-json\/wp\/v2\/posts"}],"about":[{"href":"https:\/\/plazajuarez.mx\/historico\/wp-json\/wp\/v2\/types\/post"}],"author":[{"embeddable":true,"href":"https:\/\/plazajuarez.mx\/historico\/wp-json\/wp\/v2\/users\/93"}],"replies":[{"embeddable":true,"href":"https:\/\/plazajuarez.mx\/historico\/wp-json\/wp\/v2\/comments?post=2618"}],"version-history":[{"count":0,"href":"https:\/\/plazajuarez.mx\/historico\/wp-json\/wp\/v2\/posts\/2618\/revisions"}],"wp:attachment":[{"href":"https:\/\/plazajuarez.mx\/historico\/wp-json\/wp\/v2\/media?parent=2618"}],"wp:term":[{"taxonomy":"category","embeddable":true,"href":"https:\/\/plazajuarez.mx\/historico\/wp-json\/wp\/v2\/categories?post=2618"},{"taxonomy":"post_tag","embeddable":true,"href":"https:\/\/plazajuarez.mx\/historico\/wp-json\/wp\/v2\/tags?post=2618"}],"curies":[{"name":"wp","href":"https:\/\/api.w.org\/{rel}","templated":true}]}}