{"id":261656,"date":"2023-05-16T21:07:28","date_gmt":"2023-05-17T03:07:28","guid":{"rendered":"https:\/\/plazajuarez.mx\/?p=261656"},"modified":"2023-05-16T21:07:33","modified_gmt":"2023-05-17T03:07:33","slug":"buscan-generar-beneficios-para-los-grupos-prioritarios","status":"publish","type":"post","link":"https:\/\/plazajuarez.mx\/historico\/buscan-generar-beneficios-para-los-grupos-prioritarios\/","title":{"rendered":"Buscan generar beneficios\u00a0para los grupos prioritarios"},"content":{"rendered":"\n<p>Edda Vite Ramos, presidenta del Patronato del DIF Hidalgo, coordin\u00f3 la sexta Reuni\u00f3n Regional para el Fortalecimiento de los Sistemas Municipales DIF, celebrada en la Casa de las y los Adolescentes.<\/p>\n\n\n\n<p>En su intervenci\u00f3n inicial, la presidenta del Patronato del DIF estatal subray\u00f3 la gran importancia de conocer la radiograf\u00eda de los municipios m\u00e1s cercanos; se\u00f1al\u00f3 que el resultado de la coordinaci\u00f3n y cooperaci\u00f3n entre sistemas ser\u00e1 crucial para aprovechar las caracter\u00edsticas geogr\u00e1ficas de la regi\u00f3n en beneficio de los grupos prioritarios.<\/p>\n\n\n\n<p>En los trabajos participaron Shadia Mart\u00ednez, Lizbeth Moreno, M\u00f3nica Oropeza y Mayte Hern\u00e1ndez, presidentas de los SMDIF Mineral de la Reforma, Epazoyucan, Huasca de Ocampo y Mineral del Chico, respectivamente.<\/p>\n\n\n\n<p>\u201cEl inter\u00e9s es escucharlas, cu\u00e1les son sus proyectos, cu\u00e1les son sus planes y cu\u00e1les son sus alcances. Ustedes son los municipios m\u00e1s cercanos y para nosotros son familia. Necesitamos aprovechar esa infraestructura que ustedes tienen y acercarnos a la poblaci\u00f3n m\u00e1s vulnerable. Hagamos que el DIF tenga presencia, porque es necesaria en todos y cada uno de los municipios\u201d, indic\u00f3 Edda Vite.<\/p>\n\n\n\n<p>Por su parte, Javier Rodr\u00edguez, titular del Sistema DIFH, reconoci\u00f3 la necesidad de generar acciones participativas en las que los municipios maximicen la utilidad de los recursos en pro de generar mejores resultados.<\/p>\n","protected":false},"excerpt":{"rendered":"<p>Edda Vite Ramos, presidenta del Patronato del DIF Hidalgo, coordin\u00f3 la sexta Reuni\u00f3n Regional para el Fortalecimiento de los Sistemas Municipales DIF, celebrada en la Casa de las y los Adolescentes. En su intervenci\u00f3n inicial, la presidenta del Patronato del DIF estatal subray\u00f3 la gran importancia de conocer la radiograf\u00eda de los municipios m\u00e1s cercanos; [&hellip;]<\/p>\n","protected":false},"author":93,"featured_media":261657,"comment_status":"closed","ping_status":"closed","sticky":false,"template":"","format":"standard","meta":{"footnotes":""},"categories":[59,2159],"tags":[],"class_list":["post-261656","post","type-post","status-publish","format-standard","has-post-thumbnail","hentry","category-general","category-noticias-de-hidalgo"],"_links":{"self":[{"href":"https:\/\/plazajuarez.mx\/historico\/wp-json\/wp\/v2\/posts\/261656","targetHints":{"allow":["GET"]}}],"collection":[{"href":"https:\/\/plazajuarez.mx\/historico\/wp-json\/wp\/v2\/posts"}],"about":[{"href":"https:\/\/plazajuarez.mx\/historico\/wp-json\/wp\/v2\/types\/post"}],"author":[{"embeddable":true,"href":"https:\/\/plazajuarez.mx\/historico\/wp-json\/wp\/v2\/users\/93"}],"replies":[{"embeddable":true,"href":"https:\/\/plazajuarez.mx\/historico\/wp-json\/wp\/v2\/comments?post=261656"}],"version-history":[{"count":0,"href":"https:\/\/plazajuarez.mx\/historico\/wp-json\/wp\/v2\/posts\/261656\/revisions"}],"wp:featuredmedia":[{"embeddable":true,"href":"https:\/\/plazajuarez.mx\/historico\/wp-json\/wp\/v2\/media\/261657"}],"wp:attachment":[{"href":"https:\/\/plazajuarez.mx\/historico\/wp-json\/wp\/v2\/media?parent=261656"}],"wp:term":[{"taxonomy":"category","embeddable":true,"href":"https:\/\/plazajuarez.mx\/historico\/wp-json\/wp\/v2\/categories?post=261656"},{"taxonomy":"post_tag","embeddable":true,"href":"https:\/\/plazajuarez.mx\/historico\/wp-json\/wp\/v2\/tags?post=261656"}],"curies":[{"name":"wp","href":"https:\/\/api.w.org\/{rel}","templated":true}]}}