{"id":261631,"date":"2023-05-16T20:52:39","date_gmt":"2023-05-17T02:52:39","guid":{"rendered":"https:\/\/plazajuarez.mx\/?p=261631"},"modified":"2023-05-16T20:52:42","modified_gmt":"2023-05-17T02:52:42","slug":"segundo-encuentro-america-latina-europa-del-este-en-derecho-constitucional","status":"publish","type":"post","link":"https:\/\/plazajuarez.mx\/historico\/segundo-encuentro-america-latina-europa-del-este-en-derecho-constitucional\/","title":{"rendered":"Segundo Encuentro Am\u00e9rica Latina &#8211; Europa del Este en Derecho Constitucional"},"content":{"rendered":"\n<p>Con el prop\u00f3sito de generar una perspectiva en la transformaci\u00f3n y aplicaci\u00f3n del Derecho Constitucional, el Centro Hidalguense de Estudios Superiores inaugur\u00f3 el Segundo Encuentro Am\u00e9rica Latina &#8211; Europa del Este.<\/p>\n\n\n\n<p>En el encuentro que culminar\u00e1 ma\u00f1ana, participar\u00e1n profesores de 11 universidades de nueve pa\u00edses, entre ellos Polonia, Brasil, Hungr\u00eda, Lituania, Eslovaquia, Espa\u00f1a, Per\u00fa, Colombia y M\u00e9xico, con la finalidad de aportar una visi\u00f3n global del tema en profesionales y estudiantes de Derecho.<\/p>\n\n\n\n<p>Dentro de las universidades participantes se encuentran: la Universidad de Wroclaw Polonia, E\u00f6tv\u00f6s Lor\u00e1nd de Budapest; Comenius de Eslovaquia; Federal del Estado de R\u00edo de Janeiro; Cat\u00f3lica Pontificia de Paran\u00e1; Mykolas Romeris de Lituania; del Rosario de Bogot\u00e1, Colombia; el Centro Universitario Unibrasil, el Instituto Brasiliense de Derecho P\u00fablico de Brasilia y El Centro Universitario Aut\u00f3nomo de Brasil.<\/p>\n\n\n\n<p>Adem\u00e1s de un participante egresado de la Universidad de Castilla de la Mancha, Espa\u00f1a, dos impartidores de justicia: un ex magistrado del Tribunal Constitucional de Per\u00fa y un magistrado del Poder Judicial de la Federaci\u00f3n en M\u00e9xico.<\/p>\n\n\n\n<p>Cabe destacar que en la ceremonia de inauguraci\u00f3n, estuvieron presentes la directora general del CENHIES, Miriam Ariadna Ram\u00edrez Guti\u00e9rrez; el Coordinador General Jur\u00eddico del Poder Ejecutivo del Estado de Hidalgo, Ra\u00fal Serret Lara, en representaci\u00f3n de Julio Menchaca Salazar, gobernador de Hidalgo.<\/p>\n\n\n\n<p>As\u00ed como Julio Valera Piedras, presidente de la Junta de Gobierno de la LXV Legislatura de Hidalgo, y Sergio Ba\u00f1os Rubio, presidente municipal de Pachuca, quienes reconocieron la labor del centro educativo en beneficio de los universitarios, en este caso, estudiantes de Derecho.<\/p>\n\n\n\n<p>Al respecto, en sus redes sociales, el diputado priista public\u00f3 \u201cEsta ma\u00f1ana acud\u00ed al Segundo Encuentro Am\u00e9rica Latina &#8211; Europa del Este, Dialogando sobre Derecho Constitucional, que tiene como sede a nuestro pa\u00eds. Un evento que re\u00fane a varios pa\u00edses para que, a trav\u00e9s de la academia y con las juventudes, se aporte una visi\u00f3n m\u00e1s amplia sobre esta rama del derecho\u201d.<\/p>\n\n\n\n<p>Asimismo, el alcalde capitalino cit\u00f3: \u201cAcercar encuentros internacionales a las juventudes, siempre ser\u00e1n acciones en beneficio de su formaci\u00f3n acad\u00e9mica. Asist\u00ed al 2do. Encuentro Am\u00e9rica Latina &#8211; Europa del Este de Derecho Constitucional organizado por el Centro Hidalguense de Estudios Superiores, en el marco de su 30 Aniversario. Enhorabuena\u201d.<\/p>\n","protected":false},"excerpt":{"rendered":"<p>Con el prop\u00f3sito de generar una perspectiva en la transformaci\u00f3n y aplicaci\u00f3n del Derecho Constitucional, el Centro Hidalguense de Estudios Superiores inaugur\u00f3 el Segundo Encuentro Am\u00e9rica Latina &#8211; Europa del Este. En el encuentro que culminar\u00e1 ma\u00f1ana, participar\u00e1n profesores de 11 universidades de nueve pa\u00edses, entre ellos Polonia, Brasil, Hungr\u00eda, Lituania, Eslovaquia, Espa\u00f1a, Per\u00fa, Colombia [&hellip;]<\/p>\n","protected":false},"author":73,"featured_media":261634,"comment_status":"closed","ping_status":"closed","sticky":false,"template":"","format":"standard","meta":{"footnotes":""},"categories":[59,2159],"tags":[],"class_list":["post-261631","post","type-post","status-publish","format-standard","has-post-thumbnail","hentry","category-general","category-noticias-de-hidalgo"],"_links":{"self":[{"href":"https:\/\/plazajuarez.mx\/historico\/wp-json\/wp\/v2\/posts\/261631","targetHints":{"allow":["GET"]}}],"collection":[{"href":"https:\/\/plazajuarez.mx\/historico\/wp-json\/wp\/v2\/posts"}],"about":[{"href":"https:\/\/plazajuarez.mx\/historico\/wp-json\/wp\/v2\/types\/post"}],"author":[{"embeddable":true,"href":"https:\/\/plazajuarez.mx\/historico\/wp-json\/wp\/v2\/users\/73"}],"replies":[{"embeddable":true,"href":"https:\/\/plazajuarez.mx\/historico\/wp-json\/wp\/v2\/comments?post=261631"}],"version-history":[{"count":0,"href":"https:\/\/plazajuarez.mx\/historico\/wp-json\/wp\/v2\/posts\/261631\/revisions"}],"wp:featuredmedia":[{"embeddable":true,"href":"https:\/\/plazajuarez.mx\/historico\/wp-json\/wp\/v2\/media\/261634"}],"wp:attachment":[{"href":"https:\/\/plazajuarez.mx\/historico\/wp-json\/wp\/v2\/media?parent=261631"}],"wp:term":[{"taxonomy":"category","embeddable":true,"href":"https:\/\/plazajuarez.mx\/historico\/wp-json\/wp\/v2\/categories?post=261631"},{"taxonomy":"post_tag","embeddable":true,"href":"https:\/\/plazajuarez.mx\/historico\/wp-json\/wp\/v2\/tags?post=261631"}],"curies":[{"name":"wp","href":"https:\/\/api.w.org\/{rel}","templated":true}]}}