{"id":261628,"date":"2023-05-16T20:49:16","date_gmt":"2023-05-17T02:49:16","guid":{"rendered":"https:\/\/plazajuarez.mx\/?p=261628"},"modified":"2023-05-16T20:49:21","modified_gmt":"2023-05-17T02:49:21","slug":"154-aniversario-de-la-instalacion-del-primer-congreso-hidalguense","status":"publish","type":"post","link":"https:\/\/plazajuarez.mx\/historico\/154-aniversario-de-la-instalacion-del-primer-congreso-hidalguense\/","title":{"rendered":"154 aniversario de la instalaci\u00f3n del\u00a0Primer Congreso Hidalguense\u00a0"},"content":{"rendered":"\n<p>\u201cQuienes integramos la 65 Legislatura, vivimos un momento hist\u00f3rico: una transici\u00f3n pol\u00edtica que enmarca la historia de nuestro estado y marcar\u00e1 nuestra historia pol\u00edtica, como lo hizo en aquellos 11 diputados; por eso debemos estar a la altura de esa responsabilidad, que va m\u00e1s all\u00e1 de colores e ideolog\u00edas\u201d, asever\u00f3 Julio Valera Piedras, presidente de la Junta de Gobierno del Congreso Local.<\/p>\n\n\n\n<p>Al tomar la palabra en tribuna, Valera Piedras afirm\u00f3 que construir consensos en democracia, siempre significa avanzar; avasallar desde cualquier contexto, siempre ser\u00e1 retroceder y destac\u00f3: \u201cen esta legislatura se ha privilegiado el debate y la construcci\u00f3n de acuerdos en el marco de respeto a las leyes y divisi\u00f3n de poderes\u201d.<\/p>\n\n\n\n<p>De igual manera, asever\u00f3 que el \u00faltimo tramo de la actual legislaci\u00f3n, existir\u00e1n las tentaciones por la lucha pol\u00edtica que generan fricciones en la agenda del Congreso; y explic\u00f3 que esto exigir\u00e1 a las diputadas y diputados una mayor conciencia y responsabilidad para mantener intacto el legado construido para cumplir \u201ca cabalidad\u201d la responsabilidad hist\u00f3rica que les corresponde.<\/p>\n\n\n\n<p>Cabe destacar que a la sesi\u00f3n solemne asistieron: el titular de la Secretar\u00eda de Gobierno, Guillermo Olivares Reyna; la presidenta del Tribunal Superior de Justicia de Hidalgo (TSJEH), Rebeca Aladro Echeverr\u00eda; as\u00ed como el Coronel de Infanter\u00eda Pol Berto Riveiro L\u00f3pez, comandante de la 18 zona militar y del auditor superior del estado, Jorge Valverde Islas.<\/p>\n","protected":false},"excerpt":{"rendered":"<p>\u201cQuienes integramos la 65 Legislatura, vivimos un momento hist\u00f3rico: una transici\u00f3n pol\u00edtica que enmarca la historia de nuestro estado y marcar\u00e1 nuestra historia pol\u00edtica, como lo hizo en aquellos 11 diputados; por eso debemos estar a la altura de esa responsabilidad, que va m\u00e1s all\u00e1 de colores e ideolog\u00edas\u201d, asever\u00f3 Julio Valera Piedras, presidente de [&hellip;]<\/p>\n","protected":false},"author":72,"featured_media":261629,"comment_status":"closed","ping_status":"closed","sticky":false,"template":"","format":"standard","meta":{"footnotes":""},"categories":[15,59,2159],"tags":[],"class_list":["post-261628","post","type-post","status-publish","format-standard","has-post-thumbnail","hentry","category-destacadas","category-general","category-noticias-de-hidalgo"],"_links":{"self":[{"href":"https:\/\/plazajuarez.mx\/historico\/wp-json\/wp\/v2\/posts\/261628","targetHints":{"allow":["GET"]}}],"collection":[{"href":"https:\/\/plazajuarez.mx\/historico\/wp-json\/wp\/v2\/posts"}],"about":[{"href":"https:\/\/plazajuarez.mx\/historico\/wp-json\/wp\/v2\/types\/post"}],"author":[{"embeddable":true,"href":"https:\/\/plazajuarez.mx\/historico\/wp-json\/wp\/v2\/users\/72"}],"replies":[{"embeddable":true,"href":"https:\/\/plazajuarez.mx\/historico\/wp-json\/wp\/v2\/comments?post=261628"}],"version-history":[{"count":0,"href":"https:\/\/plazajuarez.mx\/historico\/wp-json\/wp\/v2\/posts\/261628\/revisions"}],"wp:featuredmedia":[{"embeddable":true,"href":"https:\/\/plazajuarez.mx\/historico\/wp-json\/wp\/v2\/media\/261629"}],"wp:attachment":[{"href":"https:\/\/plazajuarez.mx\/historico\/wp-json\/wp\/v2\/media?parent=261628"}],"wp:term":[{"taxonomy":"category","embeddable":true,"href":"https:\/\/plazajuarez.mx\/historico\/wp-json\/wp\/v2\/categories?post=261628"},{"taxonomy":"post_tag","embeddable":true,"href":"https:\/\/plazajuarez.mx\/historico\/wp-json\/wp\/v2\/tags?post=261628"}],"curies":[{"name":"wp","href":"https:\/\/api.w.org\/{rel}","templated":true}]}}