{"id":261611,"date":"2023-05-16T15:50:44","date_gmt":"2023-05-16T21:50:44","guid":{"rendered":"https:\/\/plazajuarez.mx\/?p=261611"},"modified":"2023-05-16T15:50:47","modified_gmt":"2023-05-16T21:50:47","slug":"amlo_-38","status":"publish","type":"post","link":"https:\/\/plazajuarez.mx\/historico\/amlo_-38\/","title":{"rendered":"AMLO se re\u00fane con empresarios del Consejo Econ\u00f3mico Asesor"},"content":{"rendered":"\n<p> El presidente Andr\u00e9s Manuel L\u00f3pez Obrador encabeza una comida de trabajo con integrantes de su Consejo Econ\u00f3mico Asesor en Palacio Nacional.<\/p>\n\n\n\n<p>Al c\u00f3nclave convocado por el Jefe del Ejecutivo han llegado empresarios como Daniel Ch\u00e1vez Mor\u00e1n, de Grupo Vidanta; Miguel Rinc\u00f3n, de Biopapel, Germ\u00e1n Larrea, de Grupo M\u00e9xico; Bernardo G\u00f3mez, de Televisa; Carlos Hank, grupo Bonorte; Alejandro Ballieres, de Grupo Bal.<\/p>\n\n\n\n<p>Esta ma\u00f1ana, el presidente L\u00f3pez Obrador revel\u00f3 que avanzan las negociaciones para que Grupo M\u00e9xico, propiedad de Germ\u00e1n Larrea, compre Banamex a la estadounidense Citigroup y asegur\u00f3 que ve &#8220;con buenos ojos&#8221; la operaci\u00f3n, aun cuando, reconoci\u00f3 que tiene diferencias p\u00fablicas con esa empresa &#8220;pero ese otro cantar&#8221;.<\/p>\n\n\n\n<p>A su llegada a Palacio Nacional, Miguel Rinc\u00f3n, CEO de Bio Pappel y compadre del presidente L\u00f3pez Obrador asegur\u00f3 que la situaci\u00f3n econ\u00f3mica del pa\u00eds est\u00e1 &#8220;bastante bien&#8221; y coincidi\u00f3 con el Ejecutivo federal de que nuestro pa\u00eds es el mejor lugar en el mundo para invertir.<\/p>\n\n\n\n<p>Sobre la calle Corregidora, el empresario destac\u00f3 que no ha habido aumento de impuestos, no ha habido crisis econ\u00f3micas, la econom\u00eda est\u00e1 creciendo arriba del 3%, no se ha incrementado la deuda, han incrementado los impuestos, tenemos recursos, &#8220;la lucha contra la corrupci\u00f3n est\u00e1 dando resultados&#8221;, hay recurso y estamos avanzando bien.<\/p>\n\n\n\n<p>&#8220;La econom\u00eda de M\u00e9xico va muy bien, no hemos incrementado la deuda, no ha habido aumento de impuestos, estamos creciendo arriba del 3%, entonces estamos bien. M\u00e9xico est\u00e1 bastante bien. Yo creo que es el mejor lugar para invertir en el mundo M\u00e9xico, definitivamente, primero por nuestra posici\u00f3n geopol\u00edtica. Estamos en el vecindario correcto y en el momento correcto. Somos vecinos de Estados Unidos, cuando Estados Unidos entra en conflicto con otras regiones como As\u00eda y M\u00e9xico est\u00e1 preparado como socio comercial n\u00famero uno, potenciar ese tama\u00f1o y crear muchas oportunidades.<\/p>\n\n\n\n<p>&#8220;No se ha incrementado la deuda, no se han incrementado los impuestos, tenemos recursos, la lucha contra la corrupci\u00f3n est\u00e1 dando resultados, hay recursos para invertir sin incrementar la deuda y estamos avanzando bien&#8221;.<\/p>\n\n\n\n<p>Al preguntarle sobre el &#8220;super peso&#8221;, el CEO de Bio Pappel se\u00f1al\u00f3 que es reflejo de varios factores, pero sobre todo por la confianza que hay en M\u00e9xico.<\/p>\n\n\n\n<p>Se\u00f1al\u00f3 que en 2018, cuando Andr\u00e9s Manuel L\u00f3pez Obrador gan\u00f3 la Presidencia, muchos pronosticaban que el peso iba a llegar hasta 40 pesos.<\/p>\n\n\n\n<p>&#8220;El super peso es un reflejo de varios efectos, pero principalmente de la confianza que hay en M\u00e9xico. Esto es muy importante. Cuando lleg\u00f3 el presidente L\u00f3pez Obrador en 2018 muchos pronosticaban que se iba ir el d\u00f3lar a 30 pesos, a 40 pesos, tenemos un d\u00f3lar a 17.50. Es bueno para el pa\u00eds. Es un reflejo<\/p>\n\n\n\n<p>&#8220;Tiene un impacto positivo para las cuentas de inversiones, afecta un poco a la exportaci\u00f3n, pero en general es bueno para el pa\u00eds definitivamente y es muy importante recordar las crisis financieras que vivimos cada sexenio y no hemos tenido ninguna gracias a Dios, ni la vamos a tener. Est\u00e1n muy sanas las finanzas del pa\u00eds, as\u00ed es que estamos muy bien en ese sentido&#8221;, dijo.<\/p>\n","protected":false},"excerpt":{"rendered":"<p>El presidente Andr\u00e9s Manuel L\u00f3pez Obrador encabeza una comida de trabajo con integrantes de su Consejo Econ\u00f3mico Asesor en Palacio Nacional. Al c\u00f3nclave convocado por el Jefe del Ejecutivo han llegado empresarios como Daniel Ch\u00e1vez Mor\u00e1n, de Grupo Vidanta; Miguel Rinc\u00f3n, de Biopapel, Germ\u00e1n Larrea, de Grupo M\u00e9xico; Bernardo G\u00f3mez, de Televisa; Carlos Hank, grupo [&hellip;]<\/p>\n","protected":false},"author":81,"featured_media":261612,"comment_status":"closed","ping_status":"closed","sticky":false,"template":"","format":"standard","meta":{"footnotes":""},"categories":[15,36],"tags":[],"class_list":["post-261611","post","type-post","status-publish","format-standard","has-post-thumbnail","hentry","category-destacadas","category-nacion"],"_links":{"self":[{"href":"https:\/\/plazajuarez.mx\/historico\/wp-json\/wp\/v2\/posts\/261611","targetHints":{"allow":["GET"]}}],"collection":[{"href":"https:\/\/plazajuarez.mx\/historico\/wp-json\/wp\/v2\/posts"}],"about":[{"href":"https:\/\/plazajuarez.mx\/historico\/wp-json\/wp\/v2\/types\/post"}],"author":[{"embeddable":true,"href":"https:\/\/plazajuarez.mx\/historico\/wp-json\/wp\/v2\/users\/81"}],"replies":[{"embeddable":true,"href":"https:\/\/plazajuarez.mx\/historico\/wp-json\/wp\/v2\/comments?post=261611"}],"version-history":[{"count":0,"href":"https:\/\/plazajuarez.mx\/historico\/wp-json\/wp\/v2\/posts\/261611\/revisions"}],"wp:featuredmedia":[{"embeddable":true,"href":"https:\/\/plazajuarez.mx\/historico\/wp-json\/wp\/v2\/media\/261612"}],"wp:attachment":[{"href":"https:\/\/plazajuarez.mx\/historico\/wp-json\/wp\/v2\/media?parent=261611"}],"wp:term":[{"taxonomy":"category","embeddable":true,"href":"https:\/\/plazajuarez.mx\/historico\/wp-json\/wp\/v2\/categories?post=261611"},{"taxonomy":"post_tag","embeddable":true,"href":"https:\/\/plazajuarez.mx\/historico\/wp-json\/wp\/v2\/tags?post=261611"}],"curies":[{"name":"wp","href":"https:\/\/api.w.org\/{rel}","templated":true}]}}