{"id":261605,"date":"2023-05-16T14:41:25","date_gmt":"2023-05-16T20:41:25","guid":{"rendered":"https:\/\/plazajuarez.mx\/?p=261605"},"modified":"2023-05-16T14:41:28","modified_gmt":"2023-05-16T20:41:28","slug":"guardado_","status":"publish","type":"post","link":"https:\/\/plazajuarez.mx\/historico\/guardado_\/","title":{"rendered":"Guardado hace oficial su retiro de la Selecci\u00f3n Mexicana"},"content":{"rendered":"\n<p>Andr\u00e9s Guardado comparti\u00f3 en redes sociales un video para compartir que hace oficial su retiro de la Selecci\u00f3n Mexicana.<\/p>\n\n\n\n<p>&#8220;Ya lo hab\u00eda dicho hace tiempo pero no me hab\u00eda parado a dar las gracias por todo lo vivido en estos 16 a\u00f1os en @miseleccionmx! \u2026 imposible expresar con palabras lo agradecido y privilegiado que me siento!! \u2026 Gracias de coraz\u00f3n a todos los que me acompa\u00f1aron y tuve la suerte de compartir momentos durante este sue\u00f1o tan bonito! \u2026. Todos mis compa\u00f1eros, los diferentes cuerpos t\u00e9cnicos, toda la gente de staff que son parte important\u00edsima del d\u00eda a d\u00eda y por supuesto a toda la fiel afici\u00f3n que me acompa\u00f1\u00f3 durante todos estos a\u00f1os que ahora soy uno m\u00e1s de ustedes ! GRACIAS!!!&#8221;, escribi\u00f3 el &#8220;Principito&#8221; en su cuenta de Instagram.<\/p>\n","protected":false},"excerpt":{"rendered":"<p>Andr\u00e9s Guardado comparti\u00f3 en redes sociales un video para compartir que hace oficial su retiro de la Selecci\u00f3n Mexicana. &#8220;Ya lo hab\u00eda dicho hace tiempo pero no me hab\u00eda parado a dar las gracias por todo lo vivido en estos 16 a\u00f1os en @miseleccionmx! \u2026 imposible expresar con palabras lo agradecido y privilegiado que me [&hellip;]<\/p>\n","protected":false},"author":81,"featured_media":261606,"comment_status":"closed","ping_status":"closed","sticky":false,"template":"","format":"standard","meta":{"footnotes":""},"categories":[39],"tags":[],"class_list":["post-261605","post","type-post","status-publish","format-standard","has-post-thumbnail","hentry","category-deportiva"],"_links":{"self":[{"href":"https:\/\/plazajuarez.mx\/historico\/wp-json\/wp\/v2\/posts\/261605","targetHints":{"allow":["GET"]}}],"collection":[{"href":"https:\/\/plazajuarez.mx\/historico\/wp-json\/wp\/v2\/posts"}],"about":[{"href":"https:\/\/plazajuarez.mx\/historico\/wp-json\/wp\/v2\/types\/post"}],"author":[{"embeddable":true,"href":"https:\/\/plazajuarez.mx\/historico\/wp-json\/wp\/v2\/users\/81"}],"replies":[{"embeddable":true,"href":"https:\/\/plazajuarez.mx\/historico\/wp-json\/wp\/v2\/comments?post=261605"}],"version-history":[{"count":0,"href":"https:\/\/plazajuarez.mx\/historico\/wp-json\/wp\/v2\/posts\/261605\/revisions"}],"wp:featuredmedia":[{"embeddable":true,"href":"https:\/\/plazajuarez.mx\/historico\/wp-json\/wp\/v2\/media\/261606"}],"wp:attachment":[{"href":"https:\/\/plazajuarez.mx\/historico\/wp-json\/wp\/v2\/media?parent=261605"}],"wp:term":[{"taxonomy":"category","embeddable":true,"href":"https:\/\/plazajuarez.mx\/historico\/wp-json\/wp\/v2\/categories?post=261605"},{"taxonomy":"post_tag","embeddable":true,"href":"https:\/\/plazajuarez.mx\/historico\/wp-json\/wp\/v2\/tags?post=261605"}],"curies":[{"name":"wp","href":"https:\/\/api.w.org\/{rel}","templated":true}]}}