{"id":2616,"date":"2015-03-22T06:00:00","date_gmt":"2015-03-22T06:00:00","guid":{"rendered":"http:\/\/plazajuarez.mx\/index\/index.php\/2015\/03\/22\/prodiga-cantera-de-toreros\/"},"modified":"2015-03-22T06:00:00","modified_gmt":"2015-03-22T06:00:00","slug":"prodiga-cantera-de-toreros","status":"publish","type":"post","link":"https:\/\/plazajuarez.mx\/historico\/prodiga-cantera-de-toreros\/","title":{"rendered":"Prodiga cantera de toreros"},"content":{"rendered":"<p>ENTRE EL CALLEJ\u00d3N Y EL TENDIDO<\/p>\n<p>Estimados Amigos, con el gusto de saludarles desde Plaza Ju\u00e1rez. Vemos con benepl\u00e1cito que conforme avanza el a\u00f1o y se va mejorando el clima ante el inicio de la primavera las funciones taurinas se multiplican, en el viejo continente ha iniciado la Temporada Espa\u00f1ola con las Fallas de Valencia, en donde el pasado viernes el chaval mexicano Leo Valadez logr\u00f3 un importante triunfo, con corte de una oreja a un novillo dif\u00edcil de L\u00f3pez Giaja en su debut con picadores; y por lo que respecta a la Rep\u00fablica Mexicana, como sabemos no dejan de darse festejos a lo largo de los doce meses del a\u00f1o merced del mejor clima que gozamos, festejos que se multiplican, como ya lo se\u00f1alamos, al iniciar la temporada c\u00e1lida.<\/p>\n<p>\u00a0<\/p>\n<p>  <!--more-->  <\/p>\n<p>\u00a0<\/p>\n<p>Y ah\u00ed tenemos, el Serial Novilleril 2015 en la Plaza de Toros san Marcos de Aguascalientes \u2011como pre\u00e1mbulo de la Feria Nacional de San Marcos\u2011 en la que esta tarde se celebra la quinta de ocho fechas anunciadas por Espect\u00e1culos Taurinos de M\u00e9xico; la empresa de Provincia Juriquilla organiz\u00f3 su certamen \u201cJuriquilla Busca un Torero\u201d con tres corridas de toros, acartelando doce j\u00f3venes matadores que han tenido pocas oportunidades de torear en el \u00faltimo a\u00f1o, ocho de los cuales repitieron en la corrida de triunfadores que se celebr\u00f3 la tarde de ayer. La Feria Internacional del Caballo en Texcoco, tambi\u00e9n ha iniciado actividades, Luis Marco Sirvent en Cinco Villas arranc\u00f3 el pasado mes su serial de novilladas, ofreciendo celebrar un festejo mensual, el pr\u00f3ximo programado con un cartel infantil el pr\u00f3ximo 28 de Marzo, becerrada en la que est\u00e1 anunciado el ni\u00f1o hidalguense Cristobal Arenas \u201cEl Maletilla\u201d; Pasi\u00f3n Ganadera que lleva los destinos de la Plaza de Toros Monumental Vicente Segura de esta Bella Airosa ha hecho p\u00fablico su calendario de festejos y actividades culturales para el presente a\u00f1o, con un m\u00ednimo de diez festejos; en Tampico ya se program\u00f3 el Tercer Certamen Novilleril con festejos los d\u00edas 28 y 29 de Marzo, 3, 4 de Abril que ser\u00e1n de selecci\u00f3n y el d\u00eda 5 de Abril el de triunfadores, en este certamen est\u00e1 anunciado el novillero de Tepeapulco V\u00edctor Gallardo; ayer mismo se dieron corridas en Acambay, Estado de M\u00e9xico; Bernal, Quer\u00e9taro; Irapuato, Guanajuato, Munitepec, Hidalgo, entre otras localidades, hoy tenemos corrida de toros en Tula de Allende, en fin que la actividad taurina est\u00e1 a la alza.<\/p>\n<p>\u00a0<\/p>\n<p>Halag\u00fce\u00f1o es sin duda el panorama taurino en nuestro M\u00e9xico, contamos con un n\u00famero significativo de becerristas, novilleros y j\u00f3venes matadores de toros, ganader\u00edas consagradas que han venido refrescando sus hatos con sangre espa\u00f1ola, principalmente del encaste Saltillo, y nuevas Casas Ganaderas que se han formado, Empresas que han mostrado disponibilidad para arriesgar sus dineros en la organizaci\u00f3n de festejos taurinos, en fin que por materia prima no paramos.<\/p>\n<p>\u00a0<\/p>\n<p>\u00a0<\/p>\n<p>Sin embargo dentro de este magn\u00edfico escenario hay algo que no encuadra, la afici\u00f3n sigue escaseando en los tendidos de las Plazas de Toros, aunado lo anterior que muchos j\u00f3venes novilleros y matadores de toros con amplias cualidades para sobresalir en esta dif\u00edcil y riesgosa profesi\u00f3n se quedan en su casa, viendo c\u00f3mo se va por delante un selecto grupo de coletas, hegemon\u00eda que en la actualidad mantiene el Estado de Aguascalientes. M\u00e9xico ha sido desde siempre una cantera interminable de toreros, buenos toreros, hoy d\u00eda contamos con j\u00f3venes que realizan el toreo de arte o que sin ser tan cl\u00e1sicos verdaderamente se juegan la vida en el ruedo conectando con el tendido, manteniendo el inter\u00e9s de los p\u00fablicos, pero que visten el terno de luces si bien les va no m\u00e1s de diez veces al a\u00f1o, j\u00f3venes que por carecer de medios para publicitarse o viajar a Espa\u00f1a a dejarse ver en tentaderos pasan desapercibidos en nuestro pa\u00eds.<\/p>\n<p>\u00a0<\/p>\n<p>Y vea Usted que s\u00ed hay toreros que interesen en el medio taurino mexicano. como lo se\u00f1alamos antes Provincia Juriquilla en su Certamen \u201cJuriquilla Busca un Torero\u201d, anunci\u00f3, en dos festejos, a doce excelentes j\u00f3venes matadores de toros, con grandes posibilidades de brillar en el firmamento taurino no solo de M\u00e9xico, pero que por diversas razones no han logrado \u201cromper\u201d, no obstante lo regular de sus actuaciones, tan son buenos toreros que la corrida de triunfadores debi\u00f3 darse con ocho de los doce programados en las de selecci\u00f3n, partiendo plaza la tarde de ayer Israel T\u00e9llez, Jes\u00fas Luj\u00e1n, Pepe L\u00f3pez, Mario Aguilar, Luis Manuel P\u00e9rez \u201cEl Canelo\u201d, Gerardo Adame, Angelino de Arriaga y Brandon Campos, algunos de ellos no cortaron trofeos, pero hicieron faenas de m\u00e9rito para ser tomados en cuenta en esta corrida.<\/p>\n<p>\u00a0<\/p>\n<p>Entonces la gran pregunta a contestar es, que est\u00e1 pasando realmente en el medio taurino mexicano?, ser\u00e1 acaso la carencia de apoderados con visi\u00f3n?, creo que como lo hemos manifestado en este mismo espacio, la responsabilidad es todos aquellos que nos decimos taurinos, pero que por ignorancia o indolencia no aportamos a favor de la Fiesta. Toreros ah\u00ed est\u00e1n, tenemos una Cantera.<\/p>\n<p>\u00a0<\/p>\n<p>El quite de Emilia<\/p>\n<p>\u00a0<\/p>\n<p>Buena lecci\u00f3n nos dieron los aficionados valencianos, despu\u00e9s de que un grupo de antitaurinos hicieron una violenta manifestaci\u00f3n al exterior de la plaza de toros agrediendo violentamente a una aficionada que fue severamente golpeada, en respuesta esta semana la afici\u00f3n taurina de valencia realiz\u00f3 una manifestaci\u00f3n pac\u00edfica con el tema \u201cBasta de Violencia Antitaurina\u201d, ejemplo que debemos seguir y alzar la voz para que ya no se den esta agresiones en contra de nuestra fiesta y los aficionados. Pedimos respeto como los taurinos respetamos.<\/p>\n<p>\u00a0<\/p>\n<p>Por ah\u00ed nos vemos ENTRE EL CALLEJ\u00d3N Y EL TENDIDO si Dios lo permite.<\/p>\n","protected":false},"excerpt":{"rendered":"<p>ENTRE EL CALLEJ\u00d3N Y EL TENDIDO Estimados Amigos, con el gusto de saludarles desde Plaza Ju\u00e1rez. Vemos con benepl\u00e1cito que conforme avanza el a\u00f1o y se va mejorando el clima ante el inicio de la primavera las funciones taurinas se multiplican, en el viejo continente ha iniciado la Temporada Espa\u00f1ola con las Fallas de Valencia, [&hellip;]<\/p>\n","protected":false},"author":93,"featured_media":0,"comment_status":"open","ping_status":"open","sticky":false,"template":"","format":"standard","meta":{"footnotes":""},"categories":[39],"tags":[],"class_list":["post-2616","post","type-post","status-publish","format-standard","hentry","category-deportiva"],"_links":{"self":[{"href":"https:\/\/plazajuarez.mx\/historico\/wp-json\/wp\/v2\/posts\/2616","targetHints":{"allow":["GET"]}}],"collection":[{"href":"https:\/\/plazajuarez.mx\/historico\/wp-json\/wp\/v2\/posts"}],"about":[{"href":"https:\/\/plazajuarez.mx\/historico\/wp-json\/wp\/v2\/types\/post"}],"author":[{"embeddable":true,"href":"https:\/\/plazajuarez.mx\/historico\/wp-json\/wp\/v2\/users\/93"}],"replies":[{"embeddable":true,"href":"https:\/\/plazajuarez.mx\/historico\/wp-json\/wp\/v2\/comments?post=2616"}],"version-history":[{"count":0,"href":"https:\/\/plazajuarez.mx\/historico\/wp-json\/wp\/v2\/posts\/2616\/revisions"}],"wp:attachment":[{"href":"https:\/\/plazajuarez.mx\/historico\/wp-json\/wp\/v2\/media?parent=2616"}],"wp:term":[{"taxonomy":"category","embeddable":true,"href":"https:\/\/plazajuarez.mx\/historico\/wp-json\/wp\/v2\/categories?post=2616"},{"taxonomy":"post_tag","embeddable":true,"href":"https:\/\/plazajuarez.mx\/historico\/wp-json\/wp\/v2\/tags?post=2616"}],"curies":[{"name":"wp","href":"https:\/\/api.w.org\/{rel}","templated":true}]}}