{"id":261590,"date":"2023-05-16T14:28:08","date_gmt":"2023-05-16T20:28:08","guid":{"rendered":"https:\/\/plazajuarez.mx\/?p=261590"},"modified":"2023-05-16T14:28:12","modified_gmt":"2023-05-16T20:28:12","slug":"perroni_","status":"publish","type":"post","link":"https:\/\/plazajuarez.mx\/historico\/perroni_\/","title":{"rendered":"Maite Perroni anuncia el nacimiento de su hija: &#8220;Te amamos L\u00eda&#8221;"},"content":{"rendered":"\n<p> Maite Perroni y Andr\u00e9s Tovar ya son pap\u00e1s. Despu\u00e9s de que este fin de semana comenzar\u00e1n a circular varias especulaciones en las que afirmaban que la cantante ya habr\u00eda dado a luz, la pareja decidi\u00f3 confirmar la noticia y a trav\u00e9s de sus redes sociales dieron la bienvenida a su primera hija.<\/p>\n\n\n\n<p>La tarde de este martes, la integrante de RBD y el productor de televisi\u00f3n anunciaron que se encuentra en uno de los momentos m\u00e1s felices de sus vidas, gracias a la llegada de su beb\u00e9 a quien pusieron por nombre L\u00eda.<\/p>\n\n\n\n<p>&#8220;Bienvenidas las desveladas, los pa\u00f1ales; junto a nuestro amor incondicional. Eres nuestra m\u00e1s grande bendici\u00f3n. Te amamos L\u00eda&#8221;, escribi\u00f3 Maite junto a una tierna fotograf\u00eda en la que aparece su mano y la de su esposo entrelazadas, mientras sostienen la de que peque\u00f1ita.<\/p>\n\n\n\n<p>Sobre los detalles del nacimiento, los orgullosos padres decidieron mantenerlos en privado; sin embargo, varios portales aseguran que L\u00eda habr\u00eda llegado al mundo el pasado domingo 14 de mayo, en Estados Unidos, pero esta informaci\u00f3n todav\u00eda no ha sido confirmada.<\/p>\n\n\n\n<p>Como era de esperarse las felicitaciones y los buenos deseos por parte de amigos, fans y personalidades del medio art\u00edstico no se hicieron esperar, entre ellos destacaron los de sus compa\u00f1eros de grupo Anah\u00ed y Christian Ch\u00e1vez: &#8220;Bebecita hermosa, bienvenida. \u00a1Te amamos!&#8221;, &#8220;Wow la sobri&#8221;, escribieron respectivamente.<\/p>\n\n\n\n<p>Maite anunci\u00f3 su embarazo en enero del 2023, tan solo unos meses despu\u00e9s de haberse casado con Tovar. en una lujosa ceremonia que se llev\u00f3 a cabo en Valle de Bravo. Lo que nadie sab\u00eda es que en ese momento ella ya estaba en la dulce espera de su hija.<\/p>\n","protected":false},"excerpt":{"rendered":"<p>Maite Perroni y Andr\u00e9s Tovar ya son pap\u00e1s. Despu\u00e9s de que este fin de semana comenzar\u00e1n a circular varias especulaciones en las que afirmaban que la cantante ya habr\u00eda dado a luz, la pareja decidi\u00f3 confirmar la noticia y a trav\u00e9s de sus redes sociales dieron la bienvenida a su primera hija. La tarde de [&hellip;]<\/p>\n","protected":false},"author":81,"featured_media":261595,"comment_status":"closed","ping_status":"closed","sticky":false,"template":"","format":"standard","meta":{"footnotes":""},"categories":[38],"tags":[],"class_list":["post-261590","post","type-post","status-publish","format-standard","has-post-thumbnail","hentry","category-show"],"_links":{"self":[{"href":"https:\/\/plazajuarez.mx\/historico\/wp-json\/wp\/v2\/posts\/261590","targetHints":{"allow":["GET"]}}],"collection":[{"href":"https:\/\/plazajuarez.mx\/historico\/wp-json\/wp\/v2\/posts"}],"about":[{"href":"https:\/\/plazajuarez.mx\/historico\/wp-json\/wp\/v2\/types\/post"}],"author":[{"embeddable":true,"href":"https:\/\/plazajuarez.mx\/historico\/wp-json\/wp\/v2\/users\/81"}],"replies":[{"embeddable":true,"href":"https:\/\/plazajuarez.mx\/historico\/wp-json\/wp\/v2\/comments?post=261590"}],"version-history":[{"count":0,"href":"https:\/\/plazajuarez.mx\/historico\/wp-json\/wp\/v2\/posts\/261590\/revisions"}],"wp:featuredmedia":[{"embeddable":true,"href":"https:\/\/plazajuarez.mx\/historico\/wp-json\/wp\/v2\/media\/261595"}],"wp:attachment":[{"href":"https:\/\/plazajuarez.mx\/historico\/wp-json\/wp\/v2\/media?parent=261590"}],"wp:term":[{"taxonomy":"category","embeddable":true,"href":"https:\/\/plazajuarez.mx\/historico\/wp-json\/wp\/v2\/categories?post=261590"},{"taxonomy":"post_tag","embeddable":true,"href":"https:\/\/plazajuarez.mx\/historico\/wp-json\/wp\/v2\/tags?post=261590"}],"curies":[{"name":"wp","href":"https:\/\/api.w.org\/{rel}","templated":true}]}}