{"id":260971,"date":"2023-05-11T09:23:53","date_gmt":"2023-05-11T15:23:53","guid":{"rendered":"https:\/\/plazajuarez.mx\/?p=260971"},"modified":"2023-05-11T09:23:56","modified_gmt":"2023-05-11T15:23:56","slug":"reportan-desaparicion-de-cuatro-jovenes-mujeres-familiares-las-buscan","status":"publish","type":"post","link":"https:\/\/plazajuarez.mx\/historico\/reportan-desaparicion-de-cuatro-jovenes-mujeres-familiares-las-buscan\/","title":{"rendered":"Reportan desaparici\u00f3n de\u00a0cuatro j\u00f3venes mujeres,\u00a0familiares las buscan"},"content":{"rendered":"\n<p>Familiares de cuatro mujeres acudieron a la Procuradur\u00eda General de Justicia del Estado de Hidalgo, para reportar su desaparici\u00f3n, piden apoyo para dar con las afectadas.<\/p>\n\n\n\n<p>Mar\u00eda Guadalupe Elizalde \u00c1vila de 21 a\u00f1os, fue vista por \u00faltima vez el 09 de mayo en Villa de Tezontepec y se desconoce su paradero.<\/p>\n\n\n\n<p>Igualmente solicitan colaboraci\u00f3n para la difusi\u00f3n de la Ficha de B\u00fasqueda de Maril\u00fa Hern\u00e1ndez&nbsp; S\u00e1nchez, de 19 a\u00f1os, quien desapareci\u00f3 el 08 de mayo en Singuilucan.<\/p>\n\n\n\n<p>Tambi\u00e9n activaron Alerta Amber Hidalgo para localizar a Diana Gabriela Vargas Agui\u00f1aga de 13 a\u00f1os, a quien se le vio por \u00faltima vez en Tulancingo, el 21 de abril de 2023.<\/p>\n\n\n\n<p>Daniela Escorcia Barrera, desapareci\u00f3 en la colonia La Morena de Tulancingo, el 09 de mayo, a bordo de una camioneta KIA blanca, con placas de circulaci\u00f3n HKM-626-C.<\/p>\n","protected":false},"excerpt":{"rendered":"<p>Familiares de cuatro mujeres acudieron a la Procuradur\u00eda General de Justicia del Estado de Hidalgo, para reportar su desaparici\u00f3n, piden apoyo para dar con las afectadas. Mar\u00eda Guadalupe Elizalde \u00c1vila de 21 a\u00f1os, fue vista por \u00faltima vez el 09 de mayo en Villa de Tezontepec y se desconoce su paradero. Igualmente solicitan colaboraci\u00f3n para [&hellip;]<\/p>\n","protected":false},"author":93,"featured_media":260983,"comment_status":"closed","ping_status":"closed","sticky":false,"template":"","format":"standard","meta":{"footnotes":""},"categories":[37],"tags":[],"class_list":["post-260971","post","type-post","status-publish","format-standard","has-post-thumbnail","hentry","category-barandilla"],"_links":{"self":[{"href":"https:\/\/plazajuarez.mx\/historico\/wp-json\/wp\/v2\/posts\/260971","targetHints":{"allow":["GET"]}}],"collection":[{"href":"https:\/\/plazajuarez.mx\/historico\/wp-json\/wp\/v2\/posts"}],"about":[{"href":"https:\/\/plazajuarez.mx\/historico\/wp-json\/wp\/v2\/types\/post"}],"author":[{"embeddable":true,"href":"https:\/\/plazajuarez.mx\/historico\/wp-json\/wp\/v2\/users\/93"}],"replies":[{"embeddable":true,"href":"https:\/\/plazajuarez.mx\/historico\/wp-json\/wp\/v2\/comments?post=260971"}],"version-history":[{"count":0,"href":"https:\/\/plazajuarez.mx\/historico\/wp-json\/wp\/v2\/posts\/260971\/revisions"}],"wp:featuredmedia":[{"embeddable":true,"href":"https:\/\/plazajuarez.mx\/historico\/wp-json\/wp\/v2\/media\/260983"}],"wp:attachment":[{"href":"https:\/\/plazajuarez.mx\/historico\/wp-json\/wp\/v2\/media?parent=260971"}],"wp:term":[{"taxonomy":"category","embeddable":true,"href":"https:\/\/plazajuarez.mx\/historico\/wp-json\/wp\/v2\/categories?post=260971"},{"taxonomy":"post_tag","embeddable":true,"href":"https:\/\/plazajuarez.mx\/historico\/wp-json\/wp\/v2\/tags?post=260971"}],"curies":[{"name":"wp","href":"https:\/\/api.w.org\/{rel}","templated":true}]}}