{"id":260794,"date":"2023-05-10T05:54:36","date_gmt":"2023-05-10T11:54:36","guid":{"rendered":"https:\/\/plazajuarez.mx\/?p=260794"},"modified":"2023-05-10T05:54:39","modified_gmt":"2023-05-10T11:54:39","slug":"muchas-gracias-a-las-mamas-que-siempre-son-eternas","status":"publish","type":"post","link":"https:\/\/plazajuarez.mx\/historico\/muchas-gracias-a-las-mamas-que-siempre-son-eternas\/","title":{"rendered":"Muchas gracias a las mam\u00e1s, que siempre son eternas"},"content":{"rendered":"\n<h2 class=\"wp-block-heading\">LAGUNA DE VOCES<\/h2>\n\n\n\n<p>El d\u00eda que sal\u00ed de enanito con los ojos, nariz y boca pintados en la barriga, mam\u00e1 no pudo llegar al festival que organizaban unas monjitas centaveras, que luego no me quisieron dar la boleta del primer a\u00f1o que curs\u00e9, qui\u00e9n sabe por qu\u00e9 circunstancias, si el dinero no sobraba, en una escuela primaria particular, de la que luego fui dado de baja ignominiosamente sin papel que avalara mis estudios de las letras y p\u00e1rele usted de contar. Mam\u00e1 no lleg\u00f3 porque estaba enferma y muy sentido que era, jur\u00e9 que nunca volver\u00eda a participar en bailable alguno. Ahora que entiendo las cosas, estoy seguro que deb\u00ed apuntarme en todos los festivales para las madrecitas en su d\u00eda, porque desde el cielo es un hecho que siempre nos miran con el amor que, ahora lo s\u00e9, solo ellas tienen a sus hijos. Pero amargado que era, lo que supone que ahora ya no -aunque qui\u00e9n sabe-, me hac\u00eda a un lado, me escond\u00eda abajo del pupitre, cuando la maestra se daba a la tarea de elegir a los que saldr\u00edan de vaqueros, o aut\u00e9nticos saltarines cuando tocaban las danzas h\u00fangaras, que en ese entonces alguna profesora instaur\u00f3 como la moda, a tal grado que desplaz\u00f3 las polkas. Lo bueno es que, si uno va en el segundo a\u00f1o de la primaria, con toda seguridad las cabecitas blancas se emocionar\u00edan hasta las l\u00e1grimas con todo y las barbaridades que sus polluelos comet\u00edan en el escenario, donde nunca faltaba el que siempre iba contrario a la direcci\u00f3n de los dem\u00e1s, o que no paraba de llorar y moquear porque le daba terror ver tanta gente decidida a aplaudirle cualquier locura que cometiera.&nbsp;<\/p>\n\n\n\n<p>Sin embargo, y pese a mi buena voluntad para atender el llamado de la artisteada, al final de cuentas ya no me vi en un solo festival, as\u00ed que me perd\u00ed los ensayos, la espera desesperada del d\u00eda en que tambi\u00e9n entreg\u00e1bamos regalos hechos con nuestras propias manitas, que resultaban un art\u00edculo que no serv\u00eda para maldita la cosa, aunque eso s\u00ed, yo miraba que las cabecitas blancas se emocionaban hasta las l\u00e1grimas.<\/p>\n\n\n\n<p>Hac\u00edamos servilleteros, porta retratos que nadam\u00e1s de recordarlos no entiendo c\u00f3mo pensaban que alguien tendr\u00eda la ocurrencia de colocar fotos en una cosa rara que siempre quedaba chueca y pintarrajeada de color oro con un frasco de espray, que eso s\u00ed nos dejaba con los ojos chuecos y la sensaci\u00f3n de que vol\u00e1bamos por tanto apestadero de thiner.<\/p>\n\n\n\n<p>As\u00ed que ya no me vi en un solo bailable, y cuando se asomaba el 10 de mayo pasaba las de Ca\u00edn, porque hac\u00eda que me dol\u00eda la panza para que me dieran permiso de ir al ba\u00f1o, donde esperaba y esperaba, hasta que supon\u00eda ya hab\u00eda terminado la selecci\u00f3n de bailarines. Respiraba profundo y me daba cuenta que lo que no deseaba por ning\u00fan motivo, era explicar y volver a explicar que no me gustaba porque ni hay qui\u00e9n me fuera a ver, entonces para qu\u00e9 llegar disfrazado otra vez de enano con ojos, nariz y boca pintados en la barriga.<\/p>\n\n\n\n<p>Pero ahora que recuerdo todo, me gustar\u00eda volver al tiempo ese en que estaba seguro lucir\u00eda todo mi arsenal histri\u00f3nico frente a mam\u00e1. Por eso los nervios, la larga espera. Me doy cuenta que no solo estuvo ella en ese festival sino en todos, risue\u00f1a y dispuesta a cantarme canciones. Porque, aunque se fue, siempre se qued\u00f3, y me avisa de vez en cuando que el que se amarga por esa simple raz\u00f3n de que un ser querido se adelanta, es momento importante para celebrar y volver a celebrar lo que se tenga, lo que tengamos en las manos, lo que nos deja el destino. Siempre celebrar, siempre buscar la risa, porque desde donde est\u00e1n todas las mam\u00e1s, disfrutan de sus hijos o hijas con la panza pintada de cara. Estoy seguro que s\u00ed me vio de enanito y le gust\u00f3.<\/p>\n\n\n\n<p>Felicidades. Muchas felicidades tambi\u00e9n a mi hermana Yola, que se encarg\u00f3 de guardar tu recuerdo para tus hijos, convertida en mam\u00e1 de los m\u00e1s peque\u00f1os, de todos pues.<\/p>\n\n\n\n<p>Mil gracias, hasta ma\u00f1ana.<\/p>\n\n\n\n<p><a href=\"mailto:jeperalta@plazajuarez.mx\/historico\/historico\">jeperalta@plazajuarez.mx\/historico\/historico<\/a><\/p>\n\n\n\n<p>@JavierEPeralta<\/p>\n","protected":false},"excerpt":{"rendered":"<p>LAGUNA DE VOCES El d\u00eda que sal\u00ed de enanito con los ojos, nariz y boca pintados en la barriga, mam\u00e1 no pudo llegar al festival que organizaban unas monjitas centaveras, que luego no me quisieron dar la boleta del primer a\u00f1o que curs\u00e9, qui\u00e9n sabe por qu\u00e9 circunstancias, si el dinero no sobraba, en una [&hellip;]<\/p>\n","protected":false},"author":10,"featured_media":234866,"comment_status":"closed","ping_status":"closed","sticky":false,"template":"","format":"standard","meta":{"footnotes":""},"categories":[49,42],"tags":[],"class_list":["post-260794","post","type-post","status-publish","format-standard","has-post-thumbnail","hentry","category-javier-peralta","category-nuestrapalabra"],"_links":{"self":[{"href":"https:\/\/plazajuarez.mx\/historico\/wp-json\/wp\/v2\/posts\/260794","targetHints":{"allow":["GET"]}}],"collection":[{"href":"https:\/\/plazajuarez.mx\/historico\/wp-json\/wp\/v2\/posts"}],"about":[{"href":"https:\/\/plazajuarez.mx\/historico\/wp-json\/wp\/v2\/types\/post"}],"author":[{"embeddable":true,"href":"https:\/\/plazajuarez.mx\/historico\/wp-json\/wp\/v2\/users\/10"}],"replies":[{"embeddable":true,"href":"https:\/\/plazajuarez.mx\/historico\/wp-json\/wp\/v2\/comments?post=260794"}],"version-history":[{"count":0,"href":"https:\/\/plazajuarez.mx\/historico\/wp-json\/wp\/v2\/posts\/260794\/revisions"}],"wp:featuredmedia":[{"embeddable":true,"href":"https:\/\/plazajuarez.mx\/historico\/wp-json\/wp\/v2\/media\/234866"}],"wp:attachment":[{"href":"https:\/\/plazajuarez.mx\/historico\/wp-json\/wp\/v2\/media?parent=260794"}],"wp:term":[{"taxonomy":"category","embeddable":true,"href":"https:\/\/plazajuarez.mx\/historico\/wp-json\/wp\/v2\/categories?post=260794"},{"taxonomy":"post_tag","embeddable":true,"href":"https:\/\/plazajuarez.mx\/historico\/wp-json\/wp\/v2\/tags?post=260794"}],"curies":[{"name":"wp","href":"https:\/\/api.w.org\/{rel}","templated":true}]}}