{"id":260690,"date":"2023-05-09T06:05:01","date_gmt":"2023-05-09T12:05:01","guid":{"rendered":"https:\/\/plazajuarez.mx\/?p=260690"},"modified":"2023-05-09T06:05:04","modified_gmt":"2023-05-09T12:05:04","slug":"heineken-y-modelo-fijan-precio-de-semillas-de-cebada-en-el-altiplano","status":"publish","type":"post","link":"https:\/\/plazajuarez.mx\/historico\/heineken-y-modelo-fijan-precio-de-semillas-de-cebada-en-el-altiplano\/","title":{"rendered":"Heineken y Modelo fijan precio de semillas de cebada en el altiplano"},"content":{"rendered":"\n<p><strong>APAN<\/strong>.- A pesar de estar estancadas las negociaciones para imponer el precio garant\u00eda para la compra del grano de cebada que se realizan con representantes de la Secretar\u00eda de Agricultura y Desarrollo Rural (Sader), productores de los siete estados cebaderos, del Instituto Nacional de Investigaciones Forestales, Agr\u00edcolas y Pecuarias (INIFAP) y de la asociaci\u00f3n de los secretarios de agricultores de los estados, los industriales de la cerveza han fijado precios para la venta de semilla de cebada maltera.\u00a0<\/p>\n\n\n\n<p>Heineken, fij\u00f3 el precio en los 14 mil 200 pesos por tonelada de contado, m\u00e1s mil pesos, si es a cr\u00e9dito, m\u00e1s 343 pesos, por el secado; mientras que,&nbsp; la empresa Modelo, fij\u00f3 su semilla en los 14 mil 850 pesos, de contado y mil pesos, si es otorgado a cr\u00e9dito, seg\u00fan lo informado por Ricardo Canales del Razo, presidente nacional del Sistema Producto Cebada.<\/p>\n\n\n\n<p>El l\u00edder cebadero nacional, especific\u00f3 que el precio que dieron los industriales de la cebada, registr\u00f3 un incremento del producto de Modelo de 4 mil 250 pesos, en referencia a la venta del 2022, mientras Heineken, fue dos mil 214 pesos, en comparaci\u00f3n con el a\u00f1o 2022.<\/p>\n","protected":false},"excerpt":{"rendered":"<p>APAN.- A pesar de estar estancadas las negociaciones para imponer el precio garant\u00eda para la compra del grano de cebada que se realizan con representantes de la Secretar\u00eda de Agricultura y Desarrollo Rural (Sader), productores de los siete estados cebaderos, del Instituto Nacional de Investigaciones Forestales, Agr\u00edcolas y Pecuarias (INIFAP) y de la asociaci\u00f3n de [&hellip;]<\/p>\n","protected":false},"author":93,"featured_media":260691,"comment_status":"closed","ping_status":"closed","sticky":false,"template":"","format":"standard","meta":{"footnotes":""},"categories":[15,2159,40],"tags":[],"class_list":["post-260690","post","type-post","status-publish","format-standard","has-post-thumbnail","hentry","category-destacadas","category-noticias-de-hidalgo","category-region"],"_links":{"self":[{"href":"https:\/\/plazajuarez.mx\/historico\/wp-json\/wp\/v2\/posts\/260690","targetHints":{"allow":["GET"]}}],"collection":[{"href":"https:\/\/plazajuarez.mx\/historico\/wp-json\/wp\/v2\/posts"}],"about":[{"href":"https:\/\/plazajuarez.mx\/historico\/wp-json\/wp\/v2\/types\/post"}],"author":[{"embeddable":true,"href":"https:\/\/plazajuarez.mx\/historico\/wp-json\/wp\/v2\/users\/93"}],"replies":[{"embeddable":true,"href":"https:\/\/plazajuarez.mx\/historico\/wp-json\/wp\/v2\/comments?post=260690"}],"version-history":[{"count":0,"href":"https:\/\/plazajuarez.mx\/historico\/wp-json\/wp\/v2\/posts\/260690\/revisions"}],"wp:featuredmedia":[{"embeddable":true,"href":"https:\/\/plazajuarez.mx\/historico\/wp-json\/wp\/v2\/media\/260691"}],"wp:attachment":[{"href":"https:\/\/plazajuarez.mx\/historico\/wp-json\/wp\/v2\/media?parent=260690"}],"wp:term":[{"taxonomy":"category","embeddable":true,"href":"https:\/\/plazajuarez.mx\/historico\/wp-json\/wp\/v2\/categories?post=260690"},{"taxonomy":"post_tag","embeddable":true,"href":"https:\/\/plazajuarez.mx\/historico\/wp-json\/wp\/v2\/tags?post=260690"}],"curies":[{"name":"wp","href":"https:\/\/api.w.org\/{rel}","templated":true}]}}