{"id":260673,"date":"2023-05-09T05:58:18","date_gmt":"2023-05-09T11:58:18","guid":{"rendered":"https:\/\/plazajuarez.mx\/?p=260673"},"modified":"2023-05-09T05:58:21","modified_gmt":"2023-05-09T11:58:21","slug":"participa-hidalgo-en-reunion-nacional-de-atencion-a-la-vejez","status":"publish","type":"post","link":"https:\/\/plazajuarez.mx\/historico\/participa-hidalgo-en-reunion-nacional-de-atencion-a-la-vejez\/","title":{"rendered":"Participa Hidalgo en reuni\u00f3n nacional de atenci\u00f3n a la vejez"},"content":{"rendered":"\n<p>Con el objetivo de intercambiar experiencias exitosas, el encargado del Instituto para la Atenci\u00f3n de las y los Adultos Mayores del Estado de Hidalgo (IAAMEH), Alejandro Garc\u00eda Ch\u00e1vez, particip\u00f3 en el Foro Nacional \u201cEdad y Plenitud\u201d, realizado en Aguascalientes.<\/p>\n\n\n\n<p>Durante su intervenci\u00f3n en el foro, Garc\u00eda Ch\u00e1vez destac\u00f3 lo que se est\u00e1 haciendo en Hidalgo, como el acercamiento de atenciones m\u00e9dicas a las regiones m\u00e1s alejadas mediante las Jornadas de Bienestar por la Salud, que han tenido presencia en 21 municipios y para fin de a\u00f1o habr\u00e1n recorrido la mitad de la entidad.<\/p>\n\n\n\n<p>El funcionario expuso que este Encuentro Nacional de Institutos de Atenci\u00f3n a Personas Mayores fue un espacio enriquecedor, donde tambi\u00e9n se establecieron v\u00ednculos de colaboraci\u00f3n.<\/p>\n\n\n\n<p>En el encuentro se exploraron m\u00e9todos para promover el bienestar emocional de los adultos mayores, incluyendo actividades recreativas, terapias ocupacionales y programas de apoyo psicosocial; se enfatiz\u00f3 la importancia de garantizar sus derechos y se discutieron estrategias para prevenir el maltrato y el abuso, as\u00ed como la promoci\u00f3n de la participaci\u00f3n y la inclusi\u00f3n social.<\/p>\n","protected":false},"excerpt":{"rendered":"<p>Con el objetivo de intercambiar experiencias exitosas, el encargado del Instituto para la Atenci\u00f3n de las y los Adultos Mayores del Estado de Hidalgo (IAAMEH), Alejandro Garc\u00eda Ch\u00e1vez, particip\u00f3 en el Foro Nacional \u201cEdad y Plenitud\u201d, realizado en Aguascalientes. Durante su intervenci\u00f3n en el foro, Garc\u00eda Ch\u00e1vez destac\u00f3 lo que se est\u00e1 haciendo en Hidalgo, [&hellip;]<\/p>\n","protected":false},"author":93,"featured_media":260675,"comment_status":"closed","ping_status":"closed","sticky":false,"template":"","format":"standard","meta":{"footnotes":""},"categories":[59,2159],"tags":[],"class_list":["post-260673","post","type-post","status-publish","format-standard","has-post-thumbnail","hentry","category-general","category-noticias-de-hidalgo"],"_links":{"self":[{"href":"https:\/\/plazajuarez.mx\/historico\/wp-json\/wp\/v2\/posts\/260673","targetHints":{"allow":["GET"]}}],"collection":[{"href":"https:\/\/plazajuarez.mx\/historico\/wp-json\/wp\/v2\/posts"}],"about":[{"href":"https:\/\/plazajuarez.mx\/historico\/wp-json\/wp\/v2\/types\/post"}],"author":[{"embeddable":true,"href":"https:\/\/plazajuarez.mx\/historico\/wp-json\/wp\/v2\/users\/93"}],"replies":[{"embeddable":true,"href":"https:\/\/plazajuarez.mx\/historico\/wp-json\/wp\/v2\/comments?post=260673"}],"version-history":[{"count":0,"href":"https:\/\/plazajuarez.mx\/historico\/wp-json\/wp\/v2\/posts\/260673\/revisions"}],"wp:featuredmedia":[{"embeddable":true,"href":"https:\/\/plazajuarez.mx\/historico\/wp-json\/wp\/v2\/media\/260675"}],"wp:attachment":[{"href":"https:\/\/plazajuarez.mx\/historico\/wp-json\/wp\/v2\/media?parent=260673"}],"wp:term":[{"taxonomy":"category","embeddable":true,"href":"https:\/\/plazajuarez.mx\/historico\/wp-json\/wp\/v2\/categories?post=260673"},{"taxonomy":"post_tag","embeddable":true,"href":"https:\/\/plazajuarez.mx\/historico\/wp-json\/wp\/v2\/tags?post=260673"}],"curies":[{"name":"wp","href":"https:\/\/api.w.org\/{rel}","templated":true}]}}