{"id":260511,"date":"2023-05-08T05:48:56","date_gmt":"2023-05-08T11:48:56","guid":{"rendered":"https:\/\/plazajuarez.mx\/?p=260511"},"modified":"2023-05-08T05:49:04","modified_gmt":"2023-05-08T11:49:04","slug":"dese-por-enterado-1121","status":"publish","type":"post","link":"https:\/\/plazajuarez.mx\/historico\/dese-por-enterado-1121\/","title":{"rendered":"DESE POR ENTERADO"},"content":{"rendered":"\n<p><strong>\u00bfNO HABR\u00c1N HECHO YA UNA CIUDAD SUBTERR\u00c1NEA?<\/strong> &#8211;&nbsp; Demostrada su habilidad para la construcci\u00f3n de \u201cHuachit\u00faneles\u201d en Cuautepec y hasta en Pachuca, uno se pregunta si en una de esas, ahora que se est\u00e1 a la b\u00fasqueda de estas obras, no se encuentran de pronto con una ciudad completita, pero 30 o 40 metros debajo de la tierra, con zonas habitacionales, escuelas, transporte, carreteras y todo lo que usted se imagine. Y a la entrada un gran letrero: \u201cBienvenidos a la Ciudad del Huahicol, donde trabajo es robar y robar ni trabajo cuesta\u201d. \u00bfC\u00f3mo la ven, suena interesante?<\/p>\n\n\n\n<figure class=\"wp-block-image size-full\"><img loading=\"lazy\" decoding=\"async\" width=\"1024\" height=\"768\" src=\"https:\/\/plazajuarez.mx\/historico\/historico\/wp-content\/uploads\/2023\/05\/\u00bfNO-HABRAN-HECHO-YA-UNA-CIUDAD-SUBTERRANEA_-CORTESIA.jpg\" alt=\"\" class=\"wp-image-260513\" srcset=\"https:\/\/plazajuarez.mx\/historico\/wp-content\/uploads\/2023\/05\/\u00bfNO-HABRAN-HECHO-YA-UNA-CIUDAD-SUBTERRANEA_-CORTESIA.jpg 1024w, https:\/\/plazajuarez.mx\/historico\/wp-content\/uploads\/2023\/05\/\u00bfNO-HABRAN-HECHO-YA-UNA-CIUDAD-SUBTERRANEA_-CORTESIA-768x576.jpg 768w\" sizes=\"auto, (max-width: 1024px) 100vw, 1024px\" \/><\/figure>\n\n\n\n<hr class=\"wp-block-separator has-alpha-channel-opacity\"\/>\n\n\n\n<p><strong>\u00bfQU\u00c9 PASA EN IXMIQUILPAN?<\/strong> \u2013 La presidenta municipal, <strong>Araceli Beltr\u00e1n Contreras<\/strong>, ya no sabe si re\u00edr o llorar, cuando le preguntan lo que sucede con la violencia, que un d\u00eda deja muertos y otro tambi\u00e9n. Porque la verdad es que corren rumores muy raros en torno a ese ayuntamiento, no precisamente con su actual alcadesa, sino con algunos de otros tiempos que, dicen, le abrieron las puertas a los que son muy organizados. El asunto es que con todo y que la pobre edil hace lo que puede, son constantes los ajustes de cuentas, y estos ajustes, por desgracia, en no pocos casos han cargado con la vida de inocentes, que nada ten\u00edan que ver en esos menesteres. Complicado el asunto.<\/p>\n\n\n\n<figure class=\"wp-block-image size-full\"><img loading=\"lazy\" decoding=\"async\" width=\"960\" height=\"960\" src=\"https:\/\/plazajuarez.mx\/historico\/historico\/wp-content\/uploads\/2023\/05\/\u00bfQUE-PASA-EN-IXMIQUILPAN_-Facebook-Araceli-Beltran.jpg\" alt=\"\" class=\"wp-image-260514\" srcset=\"https:\/\/plazajuarez.mx\/historico\/wp-content\/uploads\/2023\/05\/\u00bfQUE-PASA-EN-IXMIQUILPAN_-Facebook-Araceli-Beltran.jpg 960w, https:\/\/plazajuarez.mx\/historico\/wp-content\/uploads\/2023\/05\/\u00bfQUE-PASA-EN-IXMIQUILPAN_-Facebook-Araceli-Beltran-768x768.jpg 768w, https:\/\/plazajuarez.mx\/historico\/wp-content\/uploads\/2023\/05\/\u00bfQUE-PASA-EN-IXMIQUILPAN_-Facebook-Araceli-Beltran-36x36.jpg 36w\" sizes=\"auto, (max-width: 960px) 100vw, 960px\" \/><\/figure>\n\n\n\n<hr class=\"wp-block-separator has-alpha-channel-opacity\"\/>\n\n\n\n<p><strong>PUES S\u00cd, POCA AGUA, DEMASIADOS FRACCIONAMIENTOS<\/strong>. \u2013 Todos saben que uno de los mejores negocios es la construcci\u00f3n de fraccionamientos, m\u00e1s si se trata de Pachuca. La necesidad de casas-habitaci\u00f3n siempre ser\u00e1 constante y la demanda tambi\u00e9n. El peque\u00f1o problema es que el agua ya se agot\u00f3, y existe una sobreexplotaci\u00f3n de los pocos pozos que quedan para atender la demanda local, porque usted debe recordar que la mayor parte se va para el Valle de M\u00e9xico. Y es aqu\u00ed cuando las cosas se complican, porque la consecuencia inmediata es la falta del vital l\u00edquido, el tandeo y que solo una vez a la semana se tenga oportunidad de llenar el tinaco o la cisterna. Esta es la raz\u00f3n fundamental, m\u00e1s all\u00e1 de que tambi\u00e9n existe un robo abierto (<strong>por cierto, \u00bfya pagaron sus adeudos el Club Pachuca y la UAEH?<\/strong>), y ahora se agrega, seg\u00fan dicen, el sabotaje. Est\u00e1 canijo el panorama, y por lo mientras como que ya es tiempo de que se declare una veda para construir nuevos fraccionamientos.<\/p>\n\n\n\n<figure class=\"wp-block-image size-full\"><img loading=\"lazy\" decoding=\"async\" width=\"1081\" height=\"787\" src=\"https:\/\/plazajuarez.mx\/historico\/historico\/wp-content\/uploads\/2023\/05\/PUES-SI-POCA-AGUA-DEMASIADOS-FRACCIONAMIENTOS-Captura-de-pantalla.jpg\" alt=\"\" class=\"wp-image-260515\" srcset=\"https:\/\/plazajuarez.mx\/historico\/wp-content\/uploads\/2023\/05\/PUES-SI-POCA-AGUA-DEMASIADOS-FRACCIONAMIENTOS-Captura-de-pantalla.jpg 1081w, https:\/\/plazajuarez.mx\/historico\/wp-content\/uploads\/2023\/05\/PUES-SI-POCA-AGUA-DEMASIADOS-FRACCIONAMIENTOS-Captura-de-pantalla-768x559.jpg 768w\" sizes=\"auto, (max-width: 1081px) 100vw, 1081px\" \/><\/figure>\n\n\n\n<hr class=\"wp-block-separator has-alpha-channel-opacity\"\/>\n\n\n\n<p><strong>\u00a1YA CASI MITAD DE A\u00d1O!<\/strong> \u2013 Yo no s\u00e9 si a usted, igual que a m\u00ed, de pronto el tiempo le corre de una manera m\u00e1s apresurada que antes. Puede decirme que es la edad, pero a partir de la pandemia, las cosas cambiaron radicalmente, y sucede que apenas uno se despierta ya es de noche, apenas es asomarse al gusto de la vida y esta que se quiere ir. Pero ya en t\u00e9rminos menos pesimistas, el hecho es que vamos que volamos para la mitad del a\u00f1o, y ya el a\u00f1o pr\u00f3ximo el presidente de la Rep\u00fablica, dir\u00e1 adi\u00f3s (es un decir) al poder, en septiembre el gobernador de Hidalgo cumple su primer a\u00f1o en el mando del Poder Ejecutivo, y tambi\u00e9n en 2024 se van todos los presidentes municipales, diputados locales y federales, as\u00ed como Senadores. Es decir que la fiesta termina muy pronto, y a veces, lo peor, no hay nada qu\u00e9 festejar cuando esto sucede.<\/p>\n\n\n\n<figure class=\"wp-block-image size-full\"><img loading=\"lazy\" decoding=\"async\" width=\"1280\" height=\"853\" src=\"https:\/\/plazajuarez.mx\/historico\/historico\/wp-content\/uploads\/2023\/05\/\u00a1YA-CASI-MITAD-DE-ANO-ILUSTRATIVA-.jpg\" alt=\"\" class=\"wp-image-260516\" srcset=\"https:\/\/plazajuarez.mx\/historico\/wp-content\/uploads\/2023\/05\/\u00a1YA-CASI-MITAD-DE-ANO-ILUSTRATIVA-.jpg 1280w, https:\/\/plazajuarez.mx\/historico\/wp-content\/uploads\/2023\/05\/\u00a1YA-CASI-MITAD-DE-ANO-ILUSTRATIVA--768x512.jpg 768w, https:\/\/plazajuarez.mx\/historico\/wp-content\/uploads\/2023\/05\/\u00a1YA-CASI-MITAD-DE-ANO-ILUSTRATIVA--274x183.jpg 274w, https:\/\/plazajuarez.mx\/historico\/wp-content\/uploads\/2023\/05\/\u00a1YA-CASI-MITAD-DE-ANO-ILUSTRATIVA--80x54.jpg 80w, https:\/\/plazajuarez.mx\/historico\/wp-content\/uploads\/2023\/05\/\u00a1YA-CASI-MITAD-DE-ANO-ILUSTRATIVA--130x87.jpg 130w, https:\/\/plazajuarez.mx\/historico\/wp-content\/uploads\/2023\/05\/\u00a1YA-CASI-MITAD-DE-ANO-ILUSTRATIVA--359x240.jpg 359w, https:\/\/plazajuarez.mx\/historico\/wp-content\/uploads\/2023\/05\/\u00a1YA-CASI-MITAD-DE-ANO-ILUSTRATIVA--85x57.jpg 85w, https:\/\/plazajuarez.mx\/historico\/wp-content\/uploads\/2023\/05\/\u00a1YA-CASI-MITAD-DE-ANO-ILUSTRATIVA--546x365.jpg 546w, https:\/\/plazajuarez.mx\/historico\/wp-content\/uploads\/2023\/05\/\u00a1YA-CASI-MITAD-DE-ANO-ILUSTRATIVA--165x109.jpg 165w, https:\/\/plazajuarez.mx\/historico\/wp-content\/uploads\/2023\/05\/\u00a1YA-CASI-MITAD-DE-ANO-ILUSTRATIVA--112x75.jpg 112w, https:\/\/plazajuarez.mx\/historico\/wp-content\/uploads\/2023\/05\/\u00a1YA-CASI-MITAD-DE-ANO-ILUSTRATIVA--179x120.jpg 179w, https:\/\/plazajuarez.mx\/historico\/wp-content\/uploads\/2023\/05\/\u00a1YA-CASI-MITAD-DE-ANO-ILUSTRATIVA--170x113.jpg 170w, https:\/\/plazajuarez.mx\/historico\/wp-content\/uploads\/2023\/05\/\u00a1YA-CASI-MITAD-DE-ANO-ILUSTRATIVA--81x55.jpg 81w, https:\/\/plazajuarez.mx\/historico\/wp-content\/uploads\/2023\/05\/\u00a1YA-CASI-MITAD-DE-ANO-ILUSTRATIVA--765x510.jpg 765w\" sizes=\"auto, (max-width: 1280px) 100vw, 1280px\" \/><\/figure>\n\n\n\n<hr class=\"wp-block-separator has-alpha-channel-opacity\"\/>\n\n\n\n<p><strong>Aviso para que no digan: Esta columna se nutre de comentarios recabados por agencias del Recontra-Espionaje, muy similares a las que populariz\u00f3 el \u201cS\u00faper Agente 86\u201d en sus tiempos. Como tal lo que publicamos puede que sea cierto, puede que no, o todo lo contrario. Est\u00e1 usted en libertad de creer o no lo que lee, recontra-enojarse, recontra- carcajearse y hasta recontra-recordarnos a nuestra jefecita (nosotros recontra-haremos lo propio). Avisado est\u00e1 usted.&nbsp;<\/strong><\/p>\n\n\n\n<p><strong>desexenterado@gmail.com @desexenterado&nbsp;<\/strong><\/p>\n","protected":false},"excerpt":{"rendered":"<p>\u00bfNO HABR\u00c1N HECHO YA UNA CIUDAD SUBTERR\u00c1NEA? &#8211;&nbsp; Demostrada su habilidad para la construcci\u00f3n de \u201cHuachit\u00faneles\u201d en Cuautepec y hasta en Pachuca, uno se pregunta si en una de esas, ahora que se est\u00e1 a la b\u00fasqueda de estas obras, no se encuentran de pronto con una ciudad completita, pero 30 o 40 metros debajo [&hellip;]<\/p>\n","protected":false},"author":93,"featured_media":234681,"comment_status":"closed","ping_status":"closed","sticky":false,"template":"","format":"standard","meta":{"footnotes":""},"categories":[83],"tags":[],"class_list":["post-260511","post","type-post","status-publish","format-standard","has-post-thumbnail","hentry","category-dese-por-enterado"],"_links":{"self":[{"href":"https:\/\/plazajuarez.mx\/historico\/wp-json\/wp\/v2\/posts\/260511","targetHints":{"allow":["GET"]}}],"collection":[{"href":"https:\/\/plazajuarez.mx\/historico\/wp-json\/wp\/v2\/posts"}],"about":[{"href":"https:\/\/plazajuarez.mx\/historico\/wp-json\/wp\/v2\/types\/post"}],"author":[{"embeddable":true,"href":"https:\/\/plazajuarez.mx\/historico\/wp-json\/wp\/v2\/users\/93"}],"replies":[{"embeddable":true,"href":"https:\/\/plazajuarez.mx\/historico\/wp-json\/wp\/v2\/comments?post=260511"}],"version-history":[{"count":0,"href":"https:\/\/plazajuarez.mx\/historico\/wp-json\/wp\/v2\/posts\/260511\/revisions"}],"wp:featuredmedia":[{"embeddable":true,"href":"https:\/\/plazajuarez.mx\/historico\/wp-json\/wp\/v2\/media\/234681"}],"wp:attachment":[{"href":"https:\/\/plazajuarez.mx\/historico\/wp-json\/wp\/v2\/media?parent=260511"}],"wp:term":[{"taxonomy":"category","embeddable":true,"href":"https:\/\/plazajuarez.mx\/historico\/wp-json\/wp\/v2\/categories?post=260511"},{"taxonomy":"post_tag","embeddable":true,"href":"https:\/\/plazajuarez.mx\/historico\/wp-json\/wp\/v2\/tags?post=260511"}],"curies":[{"name":"wp","href":"https:\/\/api.w.org\/{rel}","templated":true}]}}