{"id":2605,"date":"2015-03-22T06:00:00","date_gmt":"2015-03-22T06:00:00","guid":{"rendered":"http:\/\/plazajuarez.mx\/index\/index.php\/2015\/03\/22\/promoveran-campana-de-identidad-municipal\/"},"modified":"2015-03-22T06:00:00","modified_gmt":"2015-03-22T06:00:00","slug":"promoveran-campana-de-identidad-municipal","status":"publish","type":"post","link":"https:\/\/plazajuarez.mx\/historico\/promoveran-campana-de-identidad-municipal\/","title":{"rendered":"Promover\u00e1n campa\u00f1a de identidad municipal"},"content":{"rendered":"<p><strong>Santiago Tulantepec<\/strong><\/p>\n<ul>\n<li><strong><strong>Buscan reforzar los valores y orgullo de pertenencia entre los santiaguenses.<\/strong><\/strong> <!--more--> <\/li>\n<\/ul>\n<p>El pr\u00f3ximo 28 de marzo, d\u00eda en que se celebrar\u00e1 la edici\u00f3n 64 del\u00a0 Carnaval en Santiago Tulantepec y la \u201cTercera Feria Artesanal y Gastron\u00f3mica Local\u201d, ser\u00e1 lanzada tambi\u00e9n la campa\u00f1a denominada \u201cSantiago Tulantepec-Puro Coraz\u00f3n\u201d; estrategia del gobierno municipal encabezado por Jes\u00fas Alberto Aguilar Hern\u00e1ndez, que tiene por objetivo promover entre los santiaguenses el orgullo comunitario, valorando y reconociendo las costumbres y tradiciones \u00fanicas con las que cuenta la demarcaci\u00f3n.<\/p>\n<p>La administraci\u00f3n inform\u00f3 que la campa\u00f1a tendr\u00e1 como marca un logotipo que engloba algunos de los elementos m\u00e1s importantes de la cultura santiaguense; tales como la Iglesia, d\u00f3nde se venera al Santo Patrono cuyo nombre alude al de la propia demarcaci\u00f3n; el reloj municipal, que enmarca la relaci\u00f3n obrero-patronal que llev\u00f3 a Santiago en convertirse en un ente econ\u00f3mico importante en la regi\u00f3n; y la silueta de los cuernos de un toro, animal que a\u00f1o con a\u00f1o se vuelve protagonista de la fiesta m\u00e1s emblem\u00e1tica del municipio, \u201cLa Santiagada\u201d, durante la feria patronal.<\/p>\n<p>El slogan \u201cPuro Coraz\u00f3n\u201d, pretende generar en cada uno de los santiaguenses un sentimiento de pertenencia en relaci\u00f3n a las fiestas, costumbres y tradiciones que los propios habitantes han creado a trav\u00e9s de los a\u00f1os y en los que han puesto lo mejor de s\u00ed mismos.<\/p>\n<p>El presidente municipal, Jes\u00fas Alberto Aguilar Hern\u00e1ndez, ha se\u00f1alado que est\u00e1 convencido de que promover, impulsar y proteger la identidad cultural de Santiago Tulantepec beneficiar\u00e1 el desarrollo econ\u00f3mico y cultural de sus habitantes; pues si bien la localidad no tiene como actividad principal el turismo, posee fiestas tradicionales en la que se recibe a\u00f1o con a\u00f1o a m\u00e1s de diez mil visitantes, por lo que espera que la poblaci\u00f3n reciba esta cruzada con satisfacci\u00f3n para unirse a ella.<\/p>\n<p>Finalmente, se detall\u00f3 que la campa\u00f1a \u201cSantiago Tulantepec-Puro Coraz\u00f3n\u201d ser\u00e1 promovida a trav\u00e9s de medios locales y redes sociales, as\u00ed como a trav\u00e9s de estampas, playeras, tazas y dem\u00e1s art\u00edculos\u00a0 promocionales.<\/p>\n","protected":false},"excerpt":{"rendered":"<p>Santiago Tulantepec Buscan reforzar los valores y orgullo de pertenencia entre los santiaguenses.<\/p>\n","protected":false},"author":93,"featured_media":0,"comment_status":"open","ping_status":"open","sticky":false,"template":"","format":"standard","meta":{"footnotes":""},"categories":[40],"tags":[],"class_list":["post-2605","post","type-post","status-publish","format-standard","hentry","category-region"],"_links":{"self":[{"href":"https:\/\/plazajuarez.mx\/historico\/wp-json\/wp\/v2\/posts\/2605","targetHints":{"allow":["GET"]}}],"collection":[{"href":"https:\/\/plazajuarez.mx\/historico\/wp-json\/wp\/v2\/posts"}],"about":[{"href":"https:\/\/plazajuarez.mx\/historico\/wp-json\/wp\/v2\/types\/post"}],"author":[{"embeddable":true,"href":"https:\/\/plazajuarez.mx\/historico\/wp-json\/wp\/v2\/users\/93"}],"replies":[{"embeddable":true,"href":"https:\/\/plazajuarez.mx\/historico\/wp-json\/wp\/v2\/comments?post=2605"}],"version-history":[{"count":0,"href":"https:\/\/plazajuarez.mx\/historico\/wp-json\/wp\/v2\/posts\/2605\/revisions"}],"wp:attachment":[{"href":"https:\/\/plazajuarez.mx\/historico\/wp-json\/wp\/v2\/media?parent=2605"}],"wp:term":[{"taxonomy":"category","embeddable":true,"href":"https:\/\/plazajuarez.mx\/historico\/wp-json\/wp\/v2\/categories?post=2605"},{"taxonomy":"post_tag","embeddable":true,"href":"https:\/\/plazajuarez.mx\/historico\/wp-json\/wp\/v2\/tags?post=2605"}],"curies":[{"name":"wp","href":"https:\/\/api.w.org\/{rel}","templated":true}]}}