{"id":26043,"date":"2016-08-03T11:22:50","date_gmt":"2016-08-03T11:22:50","guid":{"rendered":"http:\/\/plazajuarez.mx\/index\/index.php\/2016\/08\/03\/la-larga-sombra-del-terrorismo\/"},"modified":"2016-08-03T11:22:50","modified_gmt":"2016-08-03T11:22:50","slug":"la-larga-sombra-del-terrorismo","status":"publish","type":"post","link":"https:\/\/plazajuarez.mx\/historico\/la-larga-sombra-del-terrorismo\/","title":{"rendered":"La larga sombra del terrorismo"},"content":{"rendered":"<p>&#8211; El impacto moral y psicol\u00f3gico que han dejado los atentados terroristas es enorme. Las secuelas pol\u00edticas tambi\u00e9n lo ser\u00e1n<\/p>\n<p>  <!--more-->  <\/p>\n<p>Los atentados que conmocionaron a Europa en estos d\u00edas, abren un nuevo cap\u00edtulo en la manera en que los europeos viven \u2014y mueren\u2014 a manos de los terroristas. El terrorismo no ha sido ajeno a este continente. Algunos consideran que el terrorismo moderno nace durante la Revoluci\u00f3n Francesa, lo cual le a\u00f1ade un simbolismo tristemente ir\u00f3nico al atentado de Niza, perpetrado en el aniversario de la toma de La Bastilla. Sin embargo, ni el terrorismo revolucionario ni el nacionalista de los norirlandeses o de los vascos, ha logrado una ola de terror tan extensa, capaz de penetrar sociedades enteras, incluyendo las que nunca han vivido esta amenaza.<br \/>Desde los atentados contra las Torres Gemelas (2001), y para Europa, desde los de Madrid (2004) y de Londres (2005), los europeos sab\u00edan que su vida transcurr\u00eda bajo la sombra del extremismo isl\u00e1mico. Sin embargo, estos atentados implicaban din\u00e1micas tradicionales: una organizaci\u00f3n m\u00e1s o menos estructurada, con recursos econ\u00f3micos y log\u00edsticos suficientes para preparar eventos de gran impacto, no s\u00f3lo simb\u00f3lico, tambi\u00e9n en cuanto al n\u00famero de las v\u00edctimas. Incluso los atentados del 13 de noviembre pasado en Par\u00eds, con m\u00e1s de 130 personas muertas, o las del 22 de marzo en Bruselas, implicaban una organizaci\u00f3n m\u00e1s o menos sofisticada, por ende, tambi\u00e9n la esperanza de que los servicios de inteligencia ser\u00edan capaces de prevenirlos, as\u00ed como de herir mortalmente a la organizaci\u00f3n que est\u00e1 detr\u00e1s.<br \/>Los atentados de Niza donde el arma fue un cami\u00f3n de carga, los de Saint-Etienne-du-Rouvray con un solo muerto, degollado en el altar, o los del fin de semana negro en Alemania con pocos muertos pero con carga de horror enorme, como la mujer embarazada asesinada con un machete, tienen una l\u00f3gica distinta. Son la respuesta al llamado del Estado Isl\u00e1mico que invita a sus combatientes y simpatizantes a convertirse en yihadistas acuchillando, atropellando, asfixiando o envenenando a cualquier occidental infiel. <br \/>Ahora ya nadie est\u00e1 a salvo; antes, los atentados se concentraban en ciudades grandes, capitales incluso, como Par\u00eds o Bruselas, capital no s\u00f3lo de B\u00e9lgica, sino tambi\u00e9n de la Uni\u00f3n Europea. Saint-Etienne-du-Rouvray, Ansbach o Reutlingen son ciudades de provincia hasta hace poco apacibles y lejanas a la llamada guerra global contra el terrorismo. En la mitad de los casos, los autores son ciudadanos o residentes legales en Europa que ni siquiera fueron identificados como posibles yihadistas. El joven de 18 a\u00f1os que hizo estallar la bomba en un McDonalds de Munich, m\u00e1s que yihadista era un joven obsesionado con asesinatos masivos. El conductor del cami\u00f3n en Niza ten\u00eda antecedentes de violencia dom\u00e9stica y robos menores, nunca de afiliaci\u00f3n ideol\u00f3gica con el Estado Isl\u00e1mico. No han sido miembros formales de una organizaci\u00f3n, entrenados y preparados como terroristas. Responden a mezcla de frustraci\u00f3n, fascinaci\u00f3n por la violencia y la campa\u00f1a en redes del Estado Isl\u00e1mico, campa\u00f1a que tiene potencial de darle significado a actos de violencia sin sentido.<br \/>El impacto moral y psicol\u00f3gico es enorme. Las secuelas pol\u00edticas tambi\u00e9n lo ser\u00e1n. Los europeos se sienten aterrados, exigen que sus gobiernos cumplan con el deber fundamental de un Estado: protegerlos. Las dos sociedades m\u00e1s afectadas en estas semanas \u2014los franceses y los alemanes\u2014 elegir\u00e1n a sus gobernantes en menos de un a\u00f1o. La democracia y la tolerancia \u00bfpodr\u00e1n sobrevivir en este ambiente de miedo y desprotecci\u00f3n? Hoy, la respuesta est\u00e1 en el aire.<br \/>LOS ATENTADOS DE NIZA DONDE EL ARMA FUE UN CAMI\u00d3N DE CARGA, LOS DE SAINT-ETIENNE-DU-ROUVRAY CON UN SOLO MUERTO, DEGOLLADO EN EL ALTAR, O LOS DEL FIN DE SEMANA NEGRO EN ALEMANIA CON POCOS MUERTOS PERO CON CARGA DE HORROR ENORME, COMO LA MUJER EMBARAZADA ASESINADA CON UN MACHETE, TIENEN UNA L\u00d3GICA DISTINTA. SON LA RESPUESTA AL LLAMADO DEL ESTADO ISL\u00c1MICO QUE INVITA A SUS COMBATIENTES Y SIMPATIZANTES A CONVERTIRSE EN YIHADISTAS ACUCHILLANDO, ATROPELLANDO, ASFIXIANDO O ENVENENANDO A CUALQUIER OCCIDENTAL INFIEL.<\/p>\n","protected":false},"excerpt":{"rendered":"<p>&#8211; El impacto moral y psicol\u00f3gico que han dejado los atentados terroristas es enorme. Las secuelas pol\u00edticas tambi\u00e9n lo ser\u00e1n<\/p>\n","protected":false},"author":93,"featured_media":0,"comment_status":"open","ping_status":"open","sticky":false,"template":"","format":"standard","meta":{"footnotes":""},"categories":[42],"tags":[],"class_list":["post-26043","post","type-post","status-publish","format-standard","hentry","category-nuestrapalabra"],"_links":{"self":[{"href":"https:\/\/plazajuarez.mx\/historico\/wp-json\/wp\/v2\/posts\/26043","targetHints":{"allow":["GET"]}}],"collection":[{"href":"https:\/\/plazajuarez.mx\/historico\/wp-json\/wp\/v2\/posts"}],"about":[{"href":"https:\/\/plazajuarez.mx\/historico\/wp-json\/wp\/v2\/types\/post"}],"author":[{"embeddable":true,"href":"https:\/\/plazajuarez.mx\/historico\/wp-json\/wp\/v2\/users\/93"}],"replies":[{"embeddable":true,"href":"https:\/\/plazajuarez.mx\/historico\/wp-json\/wp\/v2\/comments?post=26043"}],"version-history":[{"count":0,"href":"https:\/\/plazajuarez.mx\/historico\/wp-json\/wp\/v2\/posts\/26043\/revisions"}],"wp:attachment":[{"href":"https:\/\/plazajuarez.mx\/historico\/wp-json\/wp\/v2\/media?parent=26043"}],"wp:term":[{"taxonomy":"category","embeddable":true,"href":"https:\/\/plazajuarez.mx\/historico\/wp-json\/wp\/v2\/categories?post=26043"},{"taxonomy":"post_tag","embeddable":true,"href":"https:\/\/plazajuarez.mx\/historico\/wp-json\/wp\/v2\/tags?post=26043"}],"curies":[{"name":"wp","href":"https:\/\/api.w.org\/{rel}","templated":true}]}}