{"id":26042,"date":"2016-08-03T11:22:05","date_gmt":"2016-08-03T11:22:05","guid":{"rendered":"http:\/\/plazajuarez.mx\/index\/index.php\/2016\/08\/03\/prepararnos-para-lo-malo-lo-peor-y-lo-pesimo\/"},"modified":"2016-08-03T11:22:05","modified_gmt":"2016-08-03T11:22:05","slug":"prepararnos-para-lo-malo-lo-peor-y-lo-pesimo","status":"publish","type":"post","link":"https:\/\/plazajuarez.mx\/historico\/prepararnos-para-lo-malo-lo-peor-y-lo-pesimo\/","title":{"rendered":"Prepararnos para lo malo, lo peor y lo p\u00e9simo"},"content":{"rendered":"<p>Lo malo empez\u00f3 cuando se interrumpi\u00f3 hace m\u00e1s de 20 a\u00f1os la estrategia desplegada por nuestro pa\u00eds para vencer los prejuicios antimexicanos que presid\u00edan la resistencia a la suscripci\u00f3n estadounidense del Tratado de Libre Comercio de Am\u00e9rica del Norte (TLCAN).<\/p>\n<p>  <!--more-->  <\/p>\n<p>Superlativos. Lo que se dijeron Hillary Clinton y Donald Trump en un a\u00f1o \u2014y lo que se siguen diciendo a 95 d\u00edas de las urnas\u2014 parecer\u00eda colocarlos, en las percepciones p\u00fablicas, entre los superlativos de lo malo: lo peor frente a lo p\u00e9simo. Para M\u00e9xico, lo malo ya ocurri\u00f3, y lo que viene \u2014los efectos de lo malo\u2014 s\u00f3lo podr\u00eda ser lo peor, en un caso, o lo p\u00e9simo, en el otro. <br \/>Lo malo empez\u00f3 cuando se interrumpi\u00f3 hace m\u00e1s de 20 a\u00f1os la estrategia desplegada por nuestro pa\u00eds para vencer los prejuicios antimexicanos que presid\u00edan la resistencia a la suscripci\u00f3n estadounidense del Tratado de Libre Comercio de Am\u00e9rica del Norte (TLCAN). En Media Imagery and Cultural Hegemony: Mexico in the U.S. Mainstream Print Media 1985-1995, su tesis de doctorado en la prestigiada New School de Nueva York, Jorge Capetillo documenta c\u00f3mo por primera vez en la historia, el gobierno mexicano, en el sexenio de Carlos Salinas, adopt\u00f3 una estrategia proactiva \u2014ya no s\u00f3lo defensiva\u2014 en los medios de Estados Unidos.<br \/>En efecto, bajo la conducci\u00f3n del Ejecutivo, representantes del Legislativo, el empresariado, del sindicalismo y exponentes de la cultura de M\u00e9xico, actuaron conjunta y abiertamente en los medios y el Congreso de Estados Unidos, la burocracia, el mundo de los negocios, el establishment sindical y las instituciones culturales de aquel pa\u00eds y lograron reducir los estereotipos racistas y contrarrestar los intereses econ\u00f3micos y gremiales que rechazaban la pertenencia de M\u00e9xico a la regi\u00f3n comercial que se trataba de fundar sobre normas de certidumbre en Norteam\u00e9rica.<br \/>El paisaje. Por contra, en su libro El embajador, la periodista Dolia Est\u00e9vez recoge a su vez testimonios sobre las gestiones del gobierno del presidente Zedillo para acreditar en las fiscal\u00edas y los medios estadounidenses acusaciones de ligas criminales de la clase dirigente mexicana, involucrando, entre otros, a familiares del ex presidente Salinas y al hoy pol\u00edtico morenista Ricardo Monreal. Luego vinieron un presidente Fox que dilapid\u00f3 la buena imagen de la alternancia democr\u00e1tica y un presidente Calder\u00f3n que concentr\u00f3 su ret\u00f3rica en EU en la pr\u00e9dica del riesgo del regreso del PRI al poder.<br \/>En estas dos d\u00e9cadas ocurrieron adem\u00e1s al otro lado traumas como el de las Torres Gemelas, en 2001, enfrentado con una estrategia xenof\u00f3bica que convenci\u00f3 a la sociedad estadounidense de estar a merced del \u2018imperio del mal\u2019 y de sus migrantes a Norteam\u00e9rica. A ello se agreg\u00f3 el crack financiero de 2008, cuyos efectos catastr\u00f3ficos en la econom\u00eda de los sectores medios fueron atribuidos a las migraciones del sur. Para completar el cuadro, la guerra de Calder\u00f3n a\u00f1adi\u00f3 de este lado pinceladas de un M\u00e9xico en llamas, que exporta trabajadores, importa inversiones productivas y amenaza con desbordar la frontera con sus criminales.<br \/>La estrategia. De ese paisaje se nutri\u00f3 el discurso antimexicano de Trump. Sus propias barbaridades, agresiones, indecencias dan para una especie de Trump por s\u00ed mismo, suficiente para dejarle a su eventual presidencia el rango de lo p\u00e9simo. Pero ante esa opci\u00f3n absolutamente execrable, surge la simplificaci\u00f3n de que la opci\u00f3n de Clinton ser\u00eda a su vez absolutamente deseable.<br \/>H\u00e9ctor Aguilar Cam\u00edn, en Milenio, y Enrique Krauze, en El Pa\u00eds, lamentan que M\u00e9xico no asuma una actitud activa ante el escenario p\u00e9simo de un triunfo de Trump. Y Raymundo Riva Palacio se lleva una tunda en redes sociales por aportar elementos que har\u00edan pensar en un escenario acaso menos maligno que el p\u00e9simo (\u00bfel peor?) de una presidencia de Clinton. Pero para efectos de la recuperaci\u00f3n de una estrategia nacional ante lo malo del origen: las percepciones antimexicanas exacerbadas en este trance estadounidense, la que se dise\u00f1e para los desaf\u00edos de una gesti\u00f3n de Clinton (lo peor) podr\u00edan adaptarse para hacer frente a Trump como presidente: sin duda, el p\u00e9simo escenario.<\/p>\n","protected":false},"excerpt":{"rendered":"<p>Lo malo empez\u00f3 cuando se interrumpi\u00f3 hace m\u00e1s de 20 a\u00f1os la estrategia desplegada por nuestro pa\u00eds para vencer los prejuicios antimexicanos que presid\u00edan la resistencia a la suscripci\u00f3n estadounidense del Tratado de Libre Comercio de Am\u00e9rica del Norte (TLCAN).<\/p>\n","protected":false},"author":93,"featured_media":0,"comment_status":"open","ping_status":"open","sticky":false,"template":"","format":"standard","meta":{"footnotes":""},"categories":[42],"tags":[],"class_list":["post-26042","post","type-post","status-publish","format-standard","hentry","category-nuestrapalabra"],"_links":{"self":[{"href":"https:\/\/plazajuarez.mx\/historico\/wp-json\/wp\/v2\/posts\/26042","targetHints":{"allow":["GET"]}}],"collection":[{"href":"https:\/\/plazajuarez.mx\/historico\/wp-json\/wp\/v2\/posts"}],"about":[{"href":"https:\/\/plazajuarez.mx\/historico\/wp-json\/wp\/v2\/types\/post"}],"author":[{"embeddable":true,"href":"https:\/\/plazajuarez.mx\/historico\/wp-json\/wp\/v2\/users\/93"}],"replies":[{"embeddable":true,"href":"https:\/\/plazajuarez.mx\/historico\/wp-json\/wp\/v2\/comments?post=26042"}],"version-history":[{"count":0,"href":"https:\/\/plazajuarez.mx\/historico\/wp-json\/wp\/v2\/posts\/26042\/revisions"}],"wp:attachment":[{"href":"https:\/\/plazajuarez.mx\/historico\/wp-json\/wp\/v2\/media?parent=26042"}],"wp:term":[{"taxonomy":"category","embeddable":true,"href":"https:\/\/plazajuarez.mx\/historico\/wp-json\/wp\/v2\/categories?post=26042"},{"taxonomy":"post_tag","embeddable":true,"href":"https:\/\/plazajuarez.mx\/historico\/wp-json\/wp\/v2\/tags?post=26042"}],"curies":[{"name":"wp","href":"https:\/\/api.w.org\/{rel}","templated":true}]}}