{"id":26041,"date":"2016-08-03T11:21:38","date_gmt":"2016-08-03T11:21:38","guid":{"rendered":"http:\/\/plazajuarez.mx\/index\/index.php\/2016\/08\/03\/denuncian-a-cuatro-turistas-por-causar-danos-en-geoglifo-en-peru\/"},"modified":"2016-08-03T11:21:38","modified_gmt":"2016-08-03T11:21:38","slug":"denuncian-a-cuatro-turistas-por-causar-danos-en-geoglifo-en-peru","status":"publish","type":"post","link":"https:\/\/plazajuarez.mx\/historico\/denuncian-a-cuatro-turistas-por-causar-danos-en-geoglifo-en-peru\/","title":{"rendered":"Denuncian a cuatro turistas por causar da\u00f1os en geoglifo en Per\u00fa"},"content":{"rendered":"<p>Turistas ingresan a \u00e1rea protegida con cuatro camionetas y una cuatrimoto<\/p>\n<p>  <!--more-->  <\/p>\n<p>Cuatro peruanos fueron denunciados por ingresar con camionetas y una cuatrimoto a inmediaciones del geoglifo El Candelabro en la Reserva Nacional de Paracas y causar erosiones en las dunas que han alterado su paisaje, seg\u00fan inform\u00f3 hoy el Servicio Nacional de \u00c1reas Naturales Protegidas por el Estado (Sernanp).<br \/>Los turistas ingresaron este domingo en dos camionetas, una cuatrimoto y un autom\u00f3vil a una zona prohibida para el tr\u00e1nsito y circularon sobre las dunas a 500 metros al norte del geoglifo El Candelabro, lo cual provoc\u00f3 da\u00f1os en el paisaje de 100 metros de alto y 500 metros de ancho sobre la cumbre, precis\u00f3 la fuente oficial.<br \/>Los guardaparques y agentes de la Polic\u00eda de Turismo detuvieron al grupo y los condujeron a la comisar\u00eda de Paracas.<br \/>En tanto, el Sernanp abri\u00f3 un Procedimiento Administrativo Sancionador y present\u00f3 la denuncia contra Samuel Poza Oliva, Jos\u00e9 Miguel de Escovit Toce, Erick Hare Bedoya y C\u00e9sar Peschiera Garc\u00eda.<br \/>Los infractores realizar\u00e1n los trabajos necesarios para nivelar el suelo y realizar la restauraci\u00f3n del paisaje afectado, bajo la supervisi\u00f3n del Sernanp y del Ministerio de Cultura, que har\u00e1 una evaluaci\u00f3n para determinar la gravedad de los da\u00f1os.<br \/>El jefe de la Reserva Nacional de Paracas, Juan Carlos Heaton, declar\u00f3 el d\u00eda de ayer a Canal N que los infractores son residentes del balneario de Paracas y que al ingresar con veh\u00edculos motorizados han erosionado el paisaje contiguo al geoglifo y han modificado el suelo arenoso.<br \/>Las sanciones para estos hechos son multas que pueden ascender a 10 UIT (Unidades Impositivas Tributarias), que equivale a unos 12 mil d\u00f3lares, y otras que pueda determinar el Ministerio P\u00fablico por afectaci\u00f3n a una zona reservada.<br \/>En septiembre del a\u00f1o pasado, m\u00e1s de cinco mil 700 metros cuadrados de inscripciones y grafitis fueron realizados en la superficie intangible de un grupo de geoglifos conocidos como las L\u00edneas de Palpa, muy cercanos a las conocidas L\u00edneas de Nasca.<br \/>Los fiscales Carlos M\u00e1rquez y Juan Carlos Herrera constataron deterioros por presuntos delitos contra el patrimonio cultural en la modalidad de atentado contra monumento arqueol\u00f3gico y usurpaci\u00f3n de \u00e1rea intangible por parte de personas que habitan en el lugar.<br \/>Las L\u00edneas de Palpa y de Nasca se encuentran en la costa sur de Per\u00fa y muestran geoglifos de animales, seres zoomorfos, plantas y figuras geom\u00e9tricas que solo pueden verse completas desde el aire debido a su gran tama\u00f1o.<br \/>Los geoglifos de Palpa, descubiertos en 1926, fueron realizados por la cultura Paracas y preceden a las figuras de Nasca, descubiertas en 1927 como el legado m\u00e1s importante de la cultura Nasca, que se desarroll\u00f3 entre los 100 a\u00f1os antes de Cristo y el a\u00f1o 600 de nuestra era.<\/p>\n","protected":false},"excerpt":{"rendered":"<p>Turistas ingresan a \u00e1rea protegida con cuatro camionetas y una cuatrimoto<\/p>\n","protected":false},"author":93,"featured_media":0,"comment_status":"open","ping_status":"open","sticky":false,"template":"","format":"standard","meta":{"footnotes":""},"categories":[41],"tags":[],"class_list":["post-26041","post","type-post","status-publish","format-standard","hentry","category-arteria-cultural"],"_links":{"self":[{"href":"https:\/\/plazajuarez.mx\/historico\/wp-json\/wp\/v2\/posts\/26041","targetHints":{"allow":["GET"]}}],"collection":[{"href":"https:\/\/plazajuarez.mx\/historico\/wp-json\/wp\/v2\/posts"}],"about":[{"href":"https:\/\/plazajuarez.mx\/historico\/wp-json\/wp\/v2\/types\/post"}],"author":[{"embeddable":true,"href":"https:\/\/plazajuarez.mx\/historico\/wp-json\/wp\/v2\/users\/93"}],"replies":[{"embeddable":true,"href":"https:\/\/plazajuarez.mx\/historico\/wp-json\/wp\/v2\/comments?post=26041"}],"version-history":[{"count":0,"href":"https:\/\/plazajuarez.mx\/historico\/wp-json\/wp\/v2\/posts\/26041\/revisions"}],"wp:attachment":[{"href":"https:\/\/plazajuarez.mx\/historico\/wp-json\/wp\/v2\/media?parent=26041"}],"wp:term":[{"taxonomy":"category","embeddable":true,"href":"https:\/\/plazajuarez.mx\/historico\/wp-json\/wp\/v2\/categories?post=26041"},{"taxonomy":"post_tag","embeddable":true,"href":"https:\/\/plazajuarez.mx\/historico\/wp-json\/wp\/v2\/tags?post=26041"}],"curies":[{"name":"wp","href":"https:\/\/api.w.org\/{rel}","templated":true}]}}