{"id":2604,"date":"2015-03-22T06:00:00","date_gmt":"2015-03-22T06:00:00","guid":{"rendered":"http:\/\/plazajuarez.mx\/index\/index.php\/2015\/03\/22\/resarciran-afectaciones-a-ejidatarios-de-san-nicolas-cebolletas\/"},"modified":"2015-03-22T06:00:00","modified_gmt":"2015-03-22T06:00:00","slug":"resarciran-afectaciones-a-ejidatarios-de-san-nicolas-cebolletas","status":"publish","type":"post","link":"https:\/\/plazajuarez.mx\/historico\/resarciran-afectaciones-a-ejidatarios-de-san-nicolas-cebolletas\/","title":{"rendered":"Resarcir\u00e1n afectaciones a ejidatarios  de San Nicol\u00e1s Cebolletas"},"content":{"rendered":"<p><strong>Tulancingo<\/strong><\/p>\n<ul>\n<li><strong>Por construcci\u00f3n de Sendero (C\u00edclov\u00eda)<\/strong><\/li>\n<li><strong><strong>Autoridades municipales se reunir\u00e1n con funcionarios de la SOPOT<\/strong><\/strong> <!--more--> <\/li>\n<\/ul>\n<p>Ante las afectaciones generadas por la empresa que tiene a su cargo el trazo y obra del nuevo tramo de sendero\u00a0 que conduce de la calle violeta a Napateco, el secretario de Desarrollo Urbano municipal, Marco Antonio Vera se reunir\u00e1 con el subsecretario de Obras P\u00fablicas del Estado, Marco Antonio Rico\u00a0 Moreno.<\/p>\n<p>En el marco de esta reuni\u00f3n se persigue se establezcan mecanismos para el\u00a0 resarcimiento de da\u00f1os (concretamente a plantaciones de maguey). Para este fin se propondr\u00e1 un dimensionamiento real del da\u00f1o y de esta manera establecer el monto de pago econ\u00f3mico como compensaci\u00f3n.<\/p>\n<p>El nuevo tramo de sendero, que comprende desde la calle Violeta hasta Napateco, es una obra que ejecuta actualmente gobierno del estado con recursos Federales del Programa Nacional de Prevenci\u00f3n del delito (Pronapred), con una inversi\u00f3n superior a 6 millones de pesos.<\/p>\n<p>En la obra, no hay participaci\u00f3n econ\u00f3mica del municipio, pero si fue gestionada por la alcald\u00eda ante la Federaci\u00f3n, para incrementar la red de movilidad de origen-destino en la ciudad.<\/p>\n<p>Vera Flores asegur\u00f3 que en su momento el municipio realiz\u00f3 lo pertinente en socializar la obra de ciclopista, sin embargo, atendiendo a las reglas de operaci\u00f3n del\u00a0 programa nacional de prevenci\u00f3n del delito, el Gobierno Estatal realizo lo propio por tratarse de trabajos de ejecuci\u00f3n estatal.<\/p>\n<p>Se destac\u00f3 el inter\u00e9s del Alcalde y el estado para tener comunicaci\u00f3n plena a fin de garantizar que las obras tengan las menores afectaciones.<\/p>\n<p>En el caso del nuevo tramo de sendero, se asegur\u00f3 que tendr\u00e1 importantes beneficios para los ejidatarios y la colectividad. En el caso de la ciudadan\u00eda, se incrementar\u00e1 la red de movilidad de origen destino, mientras que para los ejidatarios, aumentar la plusval\u00eda de sus predios por el impacto que tiene un proyecto como este.<\/p>\n","protected":false},"excerpt":{"rendered":"<p>Tulancingo Por construcci\u00f3n de Sendero (C\u00edclov\u00eda) Autoridades municipales se reunir\u00e1n con funcionarios de la SOPOT<\/p>\n","protected":false},"author":93,"featured_media":0,"comment_status":"open","ping_status":"open","sticky":false,"template":"","format":"standard","meta":{"footnotes":""},"categories":[40],"tags":[],"class_list":["post-2604","post","type-post","status-publish","format-standard","hentry","category-region"],"_links":{"self":[{"href":"https:\/\/plazajuarez.mx\/historico\/wp-json\/wp\/v2\/posts\/2604","targetHints":{"allow":["GET"]}}],"collection":[{"href":"https:\/\/plazajuarez.mx\/historico\/wp-json\/wp\/v2\/posts"}],"about":[{"href":"https:\/\/plazajuarez.mx\/historico\/wp-json\/wp\/v2\/types\/post"}],"author":[{"embeddable":true,"href":"https:\/\/plazajuarez.mx\/historico\/wp-json\/wp\/v2\/users\/93"}],"replies":[{"embeddable":true,"href":"https:\/\/plazajuarez.mx\/historico\/wp-json\/wp\/v2\/comments?post=2604"}],"version-history":[{"count":0,"href":"https:\/\/plazajuarez.mx\/historico\/wp-json\/wp\/v2\/posts\/2604\/revisions"}],"wp:attachment":[{"href":"https:\/\/plazajuarez.mx\/historico\/wp-json\/wp\/v2\/media?parent=2604"}],"wp:term":[{"taxonomy":"category","embeddable":true,"href":"https:\/\/plazajuarez.mx\/historico\/wp-json\/wp\/v2\/categories?post=2604"},{"taxonomy":"post_tag","embeddable":true,"href":"https:\/\/plazajuarez.mx\/historico\/wp-json\/wp\/v2\/tags?post=2604"}],"curies":[{"name":"wp","href":"https:\/\/api.w.org\/{rel}","templated":true}]}}