{"id":260318,"date":"2023-05-05T15:26:28","date_gmt":"2023-05-05T21:26:28","guid":{"rendered":"https:\/\/plazajuarez.mx\/?p=260318"},"modified":"2023-05-05T15:26:32","modified_gmt":"2023-05-05T21:26:32","slug":"rels_","status":"publish","type":"post","link":"https:\/\/plazajuarez.mx\/historico\/rels_\/","title":{"rendered":"Rels B quiere conquistar el Foro Sol"},"content":{"rendered":"\n<p>El artista espa\u00f1ol Daniel Heredia, mejor conocido como Rels B, ha tenido desde el a\u00f1o 2015 un crecimiento exponencial y paulatino, que le ha dado para producir 7 \u00e1lbumes, s\u00f3lo uno de ellos de la mano con una disquera.<\/p>\n\n\n\n<p>Los dem\u00e1s han sido lanzados de manera independiente fiel a su estilo, luego de su experiencia con Sony Music, la cual, \u00e9l mismo ha dicho que no fue de lo m\u00e1s agradable.<\/p>\n\n\n\n<p>&#8220;Solo somos amigos haciendo m\u00fasica, no tenemos ninguna otra pretensi\u00f3n, lo que m\u00e1s contento me pone es que toda la gente que empez\u00f3 conmigo sigue con nosotros&#8221;, comparti\u00f3 Rels B en conferencia de prensa.<\/p>\n\n\n\n<p>Y de la misma forma, est\u00e1 trabajando ya en su nuevo disco que llevar\u00e1 por nombre &#8220;Afrolove&#8221;, y en el cual asegura, ha visto su mejor versi\u00f3n.<\/p>\n\n\n\n<p>&#8220;Ahora estoy en un conocimiento de a d\u00f3nde quiero llegar, a d\u00f3nde no, d\u00f3nde quiero meterme donde no, simplemente seguir haciendo lo que me gusta&#8221;, comparti\u00f3 el cantante.<\/p>\n\n\n\n<p>Con esta madurez y convicci\u00f3n, el espa\u00f1ol cerrar\u00e1 su gira en la Ciudad de M\u00e9xico, la cual comenz\u00f3 en enero del 2022, y lo har\u00e1 en el Foro Sol, como forma de agradecimiento a la ciudad, que \u00e9l mismo afirma, ha sido determinante en su carrera.<\/p>\n\n\n\n<p>&#8220;Este concierto es un regalo para M\u00e9xico, porque son la ciudad donde m\u00e1s se escuchan mis canciones, la n\u00famero uno en las plataformas, lo que van a ver el s\u00e1bado es un show que no va haber en ning\u00fan otro lugar&#8221;, asegur\u00f3 el cantante espa\u00f1ol.<\/p>\n\n\n\n<p>Incluso, para Rels B, este ser\u00eda el \u00faltimo objetivo para cumplir en su carrera, llenar el antiguo estadio de b\u00e9isbol, para despu\u00e9s solo disfrutar de su profesi\u00f3n.<\/p>\n\n\n\n<p>&#8220;Despu\u00e9s de este Foro Sol, voy a coger otro camino de estar solo contento conmigo mismo, porque ya m\u00e1s metas no, solo estar tranquilo y feliz con lo que hago&#8221;, dijo el tambi\u00e9n compositor.<\/p>\n\n\n\n<p>Adem\u00e1s, Rels B aprovech\u00f3 para hablar respecto a una posible colaboraci\u00f3n, ya que hace un a\u00f1o plante\u00f3 la posibilidad de colaborar con Christian Nodal, pero tras un a\u00f1o esto nunca se concret\u00f3.<\/p>\n\n\n\n<p>&#8220;Creo que no es un buen momento, s\u00ed que el a\u00f1o pasado no era un gran momento para la m\u00fasica mexicana, pero hoy s\u00ed y hay que dejar que brille por s\u00ed sola&#8221;, coment\u00f3.<\/p>\n\n\n\n<p>El cantante se presentar\u00e1 el d\u00eda de ma\u00f1ana en su primer Foro Sol, para el cual ha compartido en sus redes sociales, se ha preparado arduamente.<\/p>\n","protected":false},"excerpt":{"rendered":"<p>El artista espa\u00f1ol Daniel Heredia, mejor conocido como Rels B, ha tenido desde el a\u00f1o 2015 un crecimiento exponencial y paulatino, que le ha dado para producir 7 \u00e1lbumes, s\u00f3lo uno de ellos de la mano con una disquera. Los dem\u00e1s han sido lanzados de manera independiente fiel a su estilo, luego de su experiencia [&hellip;]<\/p>\n","protected":false},"author":81,"featured_media":260319,"comment_status":"closed","ping_status":"closed","sticky":false,"template":"","format":"standard","meta":{"footnotes":""},"categories":[38],"tags":[],"class_list":["post-260318","post","type-post","status-publish","format-standard","has-post-thumbnail","hentry","category-show"],"_links":{"self":[{"href":"https:\/\/plazajuarez.mx\/historico\/wp-json\/wp\/v2\/posts\/260318","targetHints":{"allow":["GET"]}}],"collection":[{"href":"https:\/\/plazajuarez.mx\/historico\/wp-json\/wp\/v2\/posts"}],"about":[{"href":"https:\/\/plazajuarez.mx\/historico\/wp-json\/wp\/v2\/types\/post"}],"author":[{"embeddable":true,"href":"https:\/\/plazajuarez.mx\/historico\/wp-json\/wp\/v2\/users\/81"}],"replies":[{"embeddable":true,"href":"https:\/\/plazajuarez.mx\/historico\/wp-json\/wp\/v2\/comments?post=260318"}],"version-history":[{"count":0,"href":"https:\/\/plazajuarez.mx\/historico\/wp-json\/wp\/v2\/posts\/260318\/revisions"}],"wp:featuredmedia":[{"embeddable":true,"href":"https:\/\/plazajuarez.mx\/historico\/wp-json\/wp\/v2\/media\/260319"}],"wp:attachment":[{"href":"https:\/\/plazajuarez.mx\/historico\/wp-json\/wp\/v2\/media?parent=260318"}],"wp:term":[{"taxonomy":"category","embeddable":true,"href":"https:\/\/plazajuarez.mx\/historico\/wp-json\/wp\/v2\/categories?post=260318"},{"taxonomy":"post_tag","embeddable":true,"href":"https:\/\/plazajuarez.mx\/historico\/wp-json\/wp\/v2\/tags?post=260318"}],"curies":[{"name":"wp","href":"https:\/\/api.w.org\/{rel}","templated":true}]}}