{"id":260315,"date":"2023-05-05T15:03:54","date_gmt":"2023-05-05T21:03:54","guid":{"rendered":"https:\/\/plazajuarez.mx\/?p=260315"},"modified":"2023-05-05T15:03:57","modified_gmt":"2023-05-05T21:03:57","slug":"qatar","status":"publish","type":"post","link":"https:\/\/plazajuarez.mx\/historico\/qatar\/","title":{"rendered":"Rafa M\u00e1rquez habla sobre el fracaso en Qatar 2022"},"content":{"rendered":"\n<p>El fracaso de la Selecci\u00f3n Mexicana en la Copa del Mundo de Qatar 2022 contin\u00faa siendo tema de conversaci\u00f3n, ya que El Tricolor no era eliminado en fase de grupos desde Argentina 1978.<\/p>\n\n\n\n<p>Rafa M\u00e1rquez, uno de los mejores futbolistas en la historia de nuestro pa\u00eds, recientemente comparti\u00f3 su opini\u00f3n al respecto en entrevista con ESPN.<\/p>\n\n\n\n<p>El K\u00e1iser mexicano se\u00f1al\u00f3 que la responsabilidad es compartida, por lo tanto, jugadores, cuerpo t\u00e9cnico y directivos tienen su porcentaje de culpa, pero tambi\u00e9n dijo que el resultado no le sorprendi\u00f3 del todo.<\/p>\n\n\n\n<p>&#8220;Ya en los \u00faltimos momentos no se ve\u00eda una selecci\u00f3n compacta, no se ve\u00eda un buen nivel de juego. Entonces, yo creo que todos pens\u00e1bamos que pod\u00eda ir mal. Hab\u00eda m\u00e1s la idea de que pod\u00eda terminar mal el proceso del Tata y pues bueno, al final de cuentas si no tienes un buen trabajo, si no haces bien las cosas, no puedes tener los resultados&#8221;, puntualiz\u00f3.<\/p>\n\n\n\n<p>Adem\u00e1s, extern\u00f3 que hay que darle vuelta a la p\u00e1gina y esperar que Diego Cocca pueda obtener \u00e9xitos a diferencia de Gerardo Martino en el proceso anterior.<\/p>\n\n\n\n<p>&#8220;As\u00ed que bueno, no fue un buen proceso. Ahora est\u00e1 un nuevo entrenador y ojal\u00e1 que pueda tener mejores resultados que lo que ha pasado anteriormente&#8221;, manifest\u00f3.<\/p>\n","protected":false},"excerpt":{"rendered":"<p>El fracaso de la Selecci\u00f3n Mexicana en la Copa del Mundo de Qatar 2022 contin\u00faa siendo tema de conversaci\u00f3n, ya que El Tricolor no era eliminado en fase de grupos desde Argentina 1978. Rafa M\u00e1rquez, uno de los mejores futbolistas en la historia de nuestro pa\u00eds, recientemente comparti\u00f3 su opini\u00f3n al respecto en entrevista con [&hellip;]<\/p>\n","protected":false},"author":81,"featured_media":260316,"comment_status":"closed","ping_status":"closed","sticky":false,"template":"","format":"standard","meta":{"footnotes":""},"categories":[39],"tags":[],"class_list":["post-260315","post","type-post","status-publish","format-standard","has-post-thumbnail","hentry","category-deportiva"],"_links":{"self":[{"href":"https:\/\/plazajuarez.mx\/historico\/wp-json\/wp\/v2\/posts\/260315","targetHints":{"allow":["GET"]}}],"collection":[{"href":"https:\/\/plazajuarez.mx\/historico\/wp-json\/wp\/v2\/posts"}],"about":[{"href":"https:\/\/plazajuarez.mx\/historico\/wp-json\/wp\/v2\/types\/post"}],"author":[{"embeddable":true,"href":"https:\/\/plazajuarez.mx\/historico\/wp-json\/wp\/v2\/users\/81"}],"replies":[{"embeddable":true,"href":"https:\/\/plazajuarez.mx\/historico\/wp-json\/wp\/v2\/comments?post=260315"}],"version-history":[{"count":0,"href":"https:\/\/plazajuarez.mx\/historico\/wp-json\/wp\/v2\/posts\/260315\/revisions"}],"wp:featuredmedia":[{"embeddable":true,"href":"https:\/\/plazajuarez.mx\/historico\/wp-json\/wp\/v2\/media\/260316"}],"wp:attachment":[{"href":"https:\/\/plazajuarez.mx\/historico\/wp-json\/wp\/v2\/media?parent=260315"}],"wp:term":[{"taxonomy":"category","embeddable":true,"href":"https:\/\/plazajuarez.mx\/historico\/wp-json\/wp\/v2\/categories?post=260315"},{"taxonomy":"post_tag","embeddable":true,"href":"https:\/\/plazajuarez.mx\/historico\/wp-json\/wp\/v2\/tags?post=260315"}],"curies":[{"name":"wp","href":"https:\/\/api.w.org\/{rel}","templated":true}]}}