{"id":2603,"date":"2015-03-22T06:00:00","date_gmt":"2015-03-22T06:00:00","guid":{"rendered":"http:\/\/plazajuarez.mx\/index\/index.php\/2015\/03\/22\/regulariza-seph-mil-800-plazas-de-maestros\/"},"modified":"2015-03-22T06:00:00","modified_gmt":"2015-03-22T06:00:00","slug":"regulariza-seph-mil-800-plazas-de-maestros","status":"publish","type":"post","link":"https:\/\/plazajuarez.mx\/historico\/regulariza-seph-mil-800-plazas-de-maestros\/","title":{"rendered":"Regulariza SEPH mil 800  plazas de maestros"},"content":{"rendered":"<p>*Negocian pago de servicios, prev\u00e9n sea durante este a\u00f1o<\/p>\n<p>*Conmemoran 209 Aniversario del Natalicio de Benito Ju\u00e1rez<\/p>\n<p>  <!--more-->  <\/p>\n<p>\u00a0<\/p>\n<p>La Secretar\u00eda de Educaci\u00f3n P\u00fablica del estado de Hidalgo (SEPH) contin\u00faa con la negociaci\u00f3n con la Secretar\u00eda de Hacienda y Cr\u00e9dito P\u00fablico (SHyCP), para que se reconozca la necesidad de contar con mil 800 plazas, inform\u00f3 Joel Guerrero Ju\u00e1rez, titular de la instancia estatal.<\/p>\n<p>\u00a0<\/p>\n<p>El funcionario explic\u00f3 que a principios de a\u00f1o la n\u00f3mina del magisterio, a cargo del estado, pas\u00f3 a manos de la federaci\u00f3n, no obstante a\u00fan es el estado quien liquida los salarios, &#8220;los mil 800 trabajadores cobran su quincena de manera regular y la paga el estado, tienen certeza laboral y trabajan en primarias y secundarias, pero son por contratos&#8221;.<\/p>\n<p>\u00a0<\/p>\n<p>De acuerdo con la Ley del Servicio Profesional Docente, cuando se aprueben las plazas, \u00e9stas no ser\u00e1n asignadas de manera autom\u00e1tica, sino que deben ser sometidas a concurso.<\/p>\n<p>\u00a0<\/p>\n<p>Lo anterior tras finalizar la ceremonia conmemorativa del 209 Aniversario del Natalicio de Benito Pablo Ju\u00e1rez Garc\u00eda, misma que fue encabezada por Guerrero Ju\u00e1rez.<\/p>\n<p>\u00a0<\/p>\n<p>Durante el evento, el secretario se\u00f1al\u00f3 que Benito Ju\u00e1rez es un ejemplo de vida que desde el pasado ilumina el escenario actual, proyect\u00e1ndose tambi\u00e9n hacia el porvenir.<\/p>\n<p>\u00a0<\/p>\n<p>Destac\u00f3 que vivi\u00f3 en un tiempo que los historiadores reconocen como la consolidaci\u00f3n de la naci\u00f3n como Rep\u00fablica, e indic\u00f3 que hasta hoy se escuchan los ecos de su voz, porque tienen la vigencia de la verdad y la permanencia de un humanismo fundamental, \u201cen\u00a0 su vida\u00a0 se funda la propia biograf\u00eda y la historia de un pa\u00eds\u201d.<\/p>\n<p>\u00a0<\/p>\n<p>Manifest\u00f3 que desde la educaci\u00f3n se debe continuar fortaleciendo una formaci\u00f3n integral, para que infantes y j\u00f3venes se conviertan en ciudadanos responsables, participativos, conscientes de que son quienes construyen su propio espacio vital, y sus trayectorias, pero tambi\u00e9n las del estado y del pa\u00eds.<\/p>\n<p>\u00a0<\/p>\n<p>Cabe mencionar que previo al acto protocolario, el titular de la SEPH deposit\u00f3 una ofrenda floral y mont\u00f3 una guardia de honor en el Monumento a Benito Ju\u00e1rez, donde fue acompa\u00f1ado por autoridades civiles, militares, legisladores federales y locales, entre otros.\u00a0<\/p>\n","protected":false},"excerpt":{"rendered":"<p>*Negocian pago de servicios, prev\u00e9n sea durante este a\u00f1o *Conmemoran 209 Aniversario del Natalicio de Benito Ju\u00e1rez<\/p>\n","protected":false},"author":93,"featured_media":0,"comment_status":"open","ping_status":"open","sticky":false,"template":"","format":"standard","meta":{"footnotes":""},"categories":[59],"tags":[],"class_list":["post-2603","post","type-post","status-publish","format-standard","hentry","category-general"],"_links":{"self":[{"href":"https:\/\/plazajuarez.mx\/historico\/wp-json\/wp\/v2\/posts\/2603","targetHints":{"allow":["GET"]}}],"collection":[{"href":"https:\/\/plazajuarez.mx\/historico\/wp-json\/wp\/v2\/posts"}],"about":[{"href":"https:\/\/plazajuarez.mx\/historico\/wp-json\/wp\/v2\/types\/post"}],"author":[{"embeddable":true,"href":"https:\/\/plazajuarez.mx\/historico\/wp-json\/wp\/v2\/users\/93"}],"replies":[{"embeddable":true,"href":"https:\/\/plazajuarez.mx\/historico\/wp-json\/wp\/v2\/comments?post=2603"}],"version-history":[{"count":0,"href":"https:\/\/plazajuarez.mx\/historico\/wp-json\/wp\/v2\/posts\/2603\/revisions"}],"wp:attachment":[{"href":"https:\/\/plazajuarez.mx\/historico\/wp-json\/wp\/v2\/media?parent=2603"}],"wp:term":[{"taxonomy":"category","embeddable":true,"href":"https:\/\/plazajuarez.mx\/historico\/wp-json\/wp\/v2\/categories?post=2603"},{"taxonomy":"post_tag","embeddable":true,"href":"https:\/\/plazajuarez.mx\/historico\/wp-json\/wp\/v2\/tags?post=2603"}],"curies":[{"name":"wp","href":"https:\/\/api.w.org\/{rel}","templated":true}]}}