{"id":260299,"date":"2023-05-05T13:54:00","date_gmt":"2023-05-05T19:54:00","guid":{"rendered":"https:\/\/plazajuarez.mx\/?p=260299"},"modified":"2023-05-05T14:02:14","modified_gmt":"2023-05-05T20:02:14","slug":"anuel_","status":"publish","type":"post","link":"https:\/\/plazajuarez.mx\/historico\/anuel_\/","title":{"rendered":"Anuel AA no oculta m\u00e1s su amor por su ex Karol G, le dedica canci\u00f3n"},"content":{"rendered":"\n<p>&#8220;Mejor que yo&#8221;, es el nombre de la nueva canci\u00f3n del cantante Anuel AA, la cual dedic\u00f3 a su expareja, la colombiana Karol G, y lo hizo a trav\u00e9s de redes sociales, donde la etiquet\u00f3 en la publicaci\u00f3n del video que est\u00e1 dividiendo las opiniones por el contenido sexual que posee.<\/p>\n\n\n\n<p>El video, donde aparece cantando Anuel, suma m\u00e1s de cuatro millones de visitas en pocas horas, pero las opiniones de muchos usuarios sobre la letra de la canci\u00f3n son negativas, pues la consideran vulgar y sin sentido, pues el cantante y la llamada &#8220;Bichota&#8221; terminaron su relaci\u00f3n en 2020 tras dos a\u00f1os de estar juntos.<\/p>\n\n\n\n<p>Tras el truene con Karol, Anuel comenz\u00f3 una relaci\u00f3n con la rapera dominicana Yail\u00edn La m\u00e1s viral, la cual no prosper\u00f3 a pesar de tienen un hijo reci\u00e9n nacido.<\/p>\n\n\n\n<p>&#8220;\u00c9l no te lo mete como yo te lo meto; \u00bfcu\u00e1ndo vas a entender que por eso fue que no funcion\u00f3? Que no se trata solo de meter y sacar, sino de cuidar, respetar, proteger, valorar&#8221;, opin\u00f3 una cibernauta sobre la nueva dedicatoria del reggaetonero a la colombiana, pues no es la primera vez que lo hace.<\/p>\n\n\n\n<p>&#8220;Us\u00f3 a Yail\u00edn y dejo que la sociedad la arrastrara por el suelo&#8221;. &#8220;Amigo ya si\u00e9ntate y deja de humillarte&#8221;, se lee entre las opiniones; recientemente Karol G tambi\u00e9n le dedic\u00f3 un tema a su ex Anuel, &#8220;TQG&#8221; (te qued\u00f3 grande&#8221;, el cual interpreta con su paisana Shakira.<\/p>\n\n\n\n<p>En el tema hay alusiones a sus exparejas, el exfutbolista espa\u00f1ol Gerard Piqu\u00e9 y el rapero puertorrique\u00f1o Anuel AA, respectivamente.<\/p>\n\n\n\n<p>Como respuesta a &#8220;TQG&#8221; Anuel AA lanz\u00f3 un tema en el que menciona el t\u00e9rmino &#8220;Bebecita&#8221;, con el cual llamaba a Karol cuando eran novios.<\/p>\n","protected":false},"excerpt":{"rendered":"<p>&#8220;Mejor que yo&#8221;, es el nombre de la nueva canci\u00f3n del cantante Anuel AA, la cual dedic\u00f3 a su expareja, la colombiana Karol G, y lo hizo a trav\u00e9s de redes sociales, donde la etiquet\u00f3 en la publicaci\u00f3n del video que est\u00e1 dividiendo las opiniones por el contenido sexual que posee. El video, donde aparece [&hellip;]<\/p>\n","protected":false},"author":81,"featured_media":260302,"comment_status":"closed","ping_status":"closed","sticky":false,"template":"","format":"standard","meta":{"footnotes":""},"categories":[15,38],"tags":[],"class_list":["post-260299","post","type-post","status-publish","format-standard","has-post-thumbnail","hentry","category-destacadas","category-show"],"_links":{"self":[{"href":"https:\/\/plazajuarez.mx\/historico\/wp-json\/wp\/v2\/posts\/260299","targetHints":{"allow":["GET"]}}],"collection":[{"href":"https:\/\/plazajuarez.mx\/historico\/wp-json\/wp\/v2\/posts"}],"about":[{"href":"https:\/\/plazajuarez.mx\/historico\/wp-json\/wp\/v2\/types\/post"}],"author":[{"embeddable":true,"href":"https:\/\/plazajuarez.mx\/historico\/wp-json\/wp\/v2\/users\/81"}],"replies":[{"embeddable":true,"href":"https:\/\/plazajuarez.mx\/historico\/wp-json\/wp\/v2\/comments?post=260299"}],"version-history":[{"count":0,"href":"https:\/\/plazajuarez.mx\/historico\/wp-json\/wp\/v2\/posts\/260299\/revisions"}],"wp:featuredmedia":[{"embeddable":true,"href":"https:\/\/plazajuarez.mx\/historico\/wp-json\/wp\/v2\/media\/260302"}],"wp:attachment":[{"href":"https:\/\/plazajuarez.mx\/historico\/wp-json\/wp\/v2\/media?parent=260299"}],"wp:term":[{"taxonomy":"category","embeddable":true,"href":"https:\/\/plazajuarez.mx\/historico\/wp-json\/wp\/v2\/categories?post=260299"},{"taxonomy":"post_tag","embeddable":true,"href":"https:\/\/plazajuarez.mx\/historico\/wp-json\/wp\/v2\/tags?post=260299"}],"curies":[{"name":"wp","href":"https:\/\/api.w.org\/{rel}","templated":true}]}}