{"id":260293,"date":"2023-05-05T11:02:00","date_gmt":"2023-05-05T17:02:00","guid":{"rendered":"https:\/\/plazajuarez.mx\/?p=260293"},"modified":"2023-05-05T13:12:09","modified_gmt":"2023-05-05T19:12:09","slug":"wendy-de-las-perdidas-escucha-disparos-que-mataron-a-kevin-kaletry","status":"publish","type":"post","link":"https:\/\/plazajuarez.mx\/historico\/wendy-de-las-perdidas-escucha-disparos-que-mataron-a-kevin-kaletry\/","title":{"rendered":"Wendy de &#8220;Las Perdidas&#8221; escucha disparos que mataron a Kevin Kaletry"},"content":{"rendered":"\n<p>La tarde el 4 de mayo se report\u00f3 el asesinato del youtuber Kevin Kaletry, luego de que fuera atacado con una arma de fuego en un hotel de la alcald\u00eda Cuauht\u00e9moc, donde se realizaba una conferencia de prensa de &#8220;Las Perdidas&#8221;.<br><br>Ante ello, en redes sociales se difundi\u00f3 un video del momento exacto en el que Wendy, integrante del tr\u00edo de influencers, realizaba una entrevista cuando comenzaron las detonaciones.<br><br>Por medio de TikTok, el usuario @Dahn_maldonado comparti\u00f3 el video donde observa el momento de terror que pasaron los asistentes.<br><br>En la grabaci\u00f3n se escucha a Wendy platicar sobre el proyecto que present\u00f3 cuando comienzan los disparos y se trata de cubrir, ante el rostro de angustia entre las personas.<br><br>El video cuenta con 346 mil reproducciones y con casi 10 mil &#8220;likes&#8221;.<\/p>\n\n\n\n<center><iframe loading=\"lazy\" width=\"560\" height=\"315\" src=\"https:\/\/www.youtube.com\/embed\/K5vPTmlkqLA\" title=\"YouTube video player\" frameborder=\"0\" allow=\"accelerometer; autoplay; clipboard-write; encrypted-media; gyroscope; picture-in-picture; web-share\" allowfullscreen><\/iframe><\/center>\n\n\n\n<hr class=\"wp-block-separator has-alpha-channel-opacity\"\/>\n\n\n\n<p><br><strong>Wendy de &#8220;Las Perdidas&#8221; narra c\u00f3mo vivi\u00f3 momento del asesinato<br><\/strong><br>A trav\u00e9s de su cuenta de Instagram, Wendy relat\u00f3 que ella estaba dando una revista a un youtuber cuando se percat\u00f3 que un joven se desvaneci\u00f3. Sin confirmar la identidad del actor, cont\u00f3 que lo acababa de conocer.<br><br>Adem\u00e1s, agradeci\u00f3 la preocupaci\u00f3n de los fan\u00e1ticos y medios de comunicaci\u00f3n que se pusieron en contacto con ella tras darse a conocer el asesinato ocurrido en el Hotel Casa Comtesse. En el video de apenas unos segundos de duraci\u00f3n confirma que ella y todo el elenco se encuentran bien.<br><br>&#8220;Yo estaba en una plena entrevista, me estaba entrevistando un chico muy lindo y pues de repente pas\u00f3 eso con el chavo este que iba a salir en el elenco y pues el chico obviamente pues falleci\u00f3 r\u00e1pido, porque yo estaba en una entrevista y nada m\u00e1s vi que cay\u00f3 alguien por all\u00e1 y la verdad estoy ahorita en shock y tengo miedo&#8221;, agreg\u00f3.<br><br>Respecto a Kevin Kaletry, joven que fue asesinado, la influencer cont\u00f3 que ella no lo conoc\u00eda muy bien, s\u00f3lo de las reuniones virtuales en las que cada persona le\u00eda parte de su libreto.<br><br>&#8220;Yo al chico en realidad no lo conoc\u00eda muy bien, lo acababa de conocer\u2026 el chavo este apenas lo iba a conocer hoy yo&#8221;, detall\u00f3.<\/p>\n\n\n\n<center><iframe loading=\"lazy\" src=\"https:\/\/www.facebook.com\/plugins\/post.php?href=https%3A%2F%2Fwww.facebook.com%2FSoyWendyGuevara0ficial%2Fphotos%2Fa.101411888618463%2F440916978001284%2F&#038;show_text=true&#038;width=500\" width=\"500\" height=\"534\" style=\"border:none;overflow:hidden\" scrolling=\"no\" frameborder=\"0\" allowfullscreen=\"true\" allow=\"autoplay; clipboard-write; encrypted-media; picture-in-picture; web-share\"><\/iframe><\/center>\n\n\n\n<hr class=\"wp-block-separator has-alpha-channel-opacity\"\/>\n\n\n\n<p><br><strong>\u00bfQui\u00e9n es Wendy Guevara de &#8220;Las Perdidas&#8221;?<br><\/strong><br>Wendy Guevara es una influencer que forma parte del tr\u00edo &#8220;Las Perdidas&#8221;, integrado por Paolita Su\u00e1rez y Kimberly Irene &#8220;La m\u00e1s Preciosa&#8221;.<br><br>Se trata de un tr\u00edo de youtubers, influencers, empresarias y cantantes transg\u00e9nero mexicanas, que alcanzaron fama en redes sociales para posteriormente incursionar en teatro y televisi\u00f3n.<br>Wendy Guevara naci\u00f3 en Le\u00f3n Guanajuato, es una influencer transg\u00e9nero que recibi\u00f3 ese nombre por una de sus amigas con quien trabajaba en una est\u00e9tica.<\/p>\n","protected":false},"excerpt":{"rendered":"<p>La tarde el 4 de mayo se report\u00f3 el asesinato del youtuber Kevin Kaletry, luego de que fuera atacado con una arma de fuego en un hotel de la alcald\u00eda Cuauht\u00e9moc, donde se realizaba una conferencia de prensa de &#8220;Las Perdidas&#8221;. Ante ello, en redes sociales se difundi\u00f3 un video del momento exacto en el [&hellip;]<\/p>\n","protected":false},"author":81,"featured_media":260296,"comment_status":"closed","ping_status":"closed","sticky":false,"template":"","format":"standard","meta":{"footnotes":""},"categories":[15,38,2166],"tags":[],"class_list":["post-260293","post","type-post","status-publish","format-standard","has-post-thumbnail","hentry","category-destacadas","category-show","category-viral"],"_links":{"self":[{"href":"https:\/\/plazajuarez.mx\/historico\/wp-json\/wp\/v2\/posts\/260293","targetHints":{"allow":["GET"]}}],"collection":[{"href":"https:\/\/plazajuarez.mx\/historico\/wp-json\/wp\/v2\/posts"}],"about":[{"href":"https:\/\/plazajuarez.mx\/historico\/wp-json\/wp\/v2\/types\/post"}],"author":[{"embeddable":true,"href":"https:\/\/plazajuarez.mx\/historico\/wp-json\/wp\/v2\/users\/81"}],"replies":[{"embeddable":true,"href":"https:\/\/plazajuarez.mx\/historico\/wp-json\/wp\/v2\/comments?post=260293"}],"version-history":[{"count":0,"href":"https:\/\/plazajuarez.mx\/historico\/wp-json\/wp\/v2\/posts\/260293\/revisions"}],"wp:featuredmedia":[{"embeddable":true,"href":"https:\/\/plazajuarez.mx\/historico\/wp-json\/wp\/v2\/media\/260296"}],"wp:attachment":[{"href":"https:\/\/plazajuarez.mx\/historico\/wp-json\/wp\/v2\/media?parent=260293"}],"wp:term":[{"taxonomy":"category","embeddable":true,"href":"https:\/\/plazajuarez.mx\/historico\/wp-json\/wp\/v2\/categories?post=260293"},{"taxonomy":"post_tag","embeddable":true,"href":"https:\/\/plazajuarez.mx\/historico\/wp-json\/wp\/v2\/tags?post=260293"}],"curies":[{"name":"wp","href":"https:\/\/api.w.org\/{rel}","templated":true}]}}