{"id":260264,"date":"2023-05-05T12:49:24","date_gmt":"2023-05-05T18:49:24","guid":{"rendered":"https:\/\/plazajuarez.mx\/?p=260264"},"modified":"2023-05-05T12:49:27","modified_gmt":"2023-05-05T18:49:27","slug":"la-alerta-mundial-de-la-oms-por-la-covid-termina-tras-20-millones-de-muertos","status":"publish","type":"post","link":"https:\/\/plazajuarez.mx\/historico\/la-alerta-mundial-de-la-oms-por-la-covid-termina-tras-20-millones-de-muertos\/","title":{"rendered":"La alerta mundial de la OMS por la covid termina tras 20 millones de muertos"},"content":{"rendered":"\n<p>La Organizaci\u00f3n Mundial de la Salud (OMS) tom\u00f3 hoy la decisi\u00f3n de poner fin a m\u00e1s de tres a\u00f1os (1.191 d\u00edas) de emergencia internacional por la covid-19, el mismo d\u00eda en el que el organismo calcul\u00f3 que la pandemia, una de las peores de la historia, caus\u00f3 alrededor de 20 millones de muertos.<\/p>\n\n\n\n<p>La cifra, casi el triple de la oficialmente mostrada por la propia OMS en sus estad\u00edsticas, fue calculada teniendo en cuenta el exceso de mortalidad registrado en el planeta durante la pandemia, y la mencion\u00f3 el propio director general de la OMS, Tedros Adhanom Ghebreyesus, al poner fin a la emergencia sanitaria.<\/p>\n\n\n\n<p>&#8220;Con gran esperanza, declaro que la covid-19 ya no es una emergencia sanitaria global&#8221;, anunci\u00f3 en una rueda de prensa organizada un d\u00eda despu\u00e9s de que el comit\u00e9 de expertos que ha seguido trimestralmente desde 2020 el avance de la pandemia le recomendara casi por unanimidad tomar esta decisi\u00f3n.<\/p>\n\n\n\n<p><strong>ACABA LA ALERTA, NO LA AMENAZA<\/strong><\/p>\n\n\n\n<p>&#8220;Sin embargo, esto no significa que la covid deje de ser una amenaza global a la salud&#8221;, subray\u00f3 Tedros, mientras que otros expertos de la OMS a\u00f1adieron en la misma rueda de prensa que pese al fin de la alerta internacional se seguir\u00e1 considerando la enfermedad como una pandemia.<\/p>\n\n\n\n<p>&#8220;La semana pasada, la covid-19 caus\u00f3 una muerte cada tres minutos, y eso son s\u00f3lo las que han sido registradas, mientras miles siguen luchando por sus vidas en unidades de cuidados intensivos y millones siguen viviendo con los efectos debilitadores del postcovid&#8221;, afirm\u00f3 el director general.<\/p>\n\n\n\n<p>&#8220;Lo peor que los pa\u00edses podr\u00edan hacer ahora es utilizar esta noticia como excusa para bajar la guardia, desmantelar los sistemas que han construido o enviar a la poblaci\u00f3n del mensaje de que no hay que preocuparse ya&#8221;, advirti\u00f3.<\/p>\n\n\n\n<p>Tedros aprovech\u00f3 la declaraci\u00f3n del fin de la emergencia, un momento que muchos esperaban especialmente desde que el a\u00f1o pasado muchas sociedades regresaran relativamente a la normalidad, para hacer balance de una pandemia que por n\u00famero de fallecidos ya puede ser comparable con las grandes plagas de la historia de la humanidad, desde la peste negra a la gripe de 1918.<\/p>\n\n\n\n<p>&#8220;La covid ha sido mucho m\u00e1s que una crisis sanitaria: ha causado caos econ\u00f3mico, restando billones del PIB, afectando a los viajes y al comercio, golpeando negocios y arrastrando a millones a la pobreza&#8221;, record\u00f3.<\/p>\n\n\n\n<p>Las fronteras y las escuelas se cerraron, y durante los recordados meses de confinamiento vividos en tantos pa\u00edses, &#8220;millones de personas experimentaron soledad, aislamiento, ansiedad y depresi\u00f3n&#8221;, subray\u00f3 el director general.<\/p>\n\n\n\n<p>Adem\u00e1s, &#8220;ha dividido a las naciones, y ha socavado la confianza de las poblaciones hacia sus gobiernos y hacia las instituciones, en medio de grandes flujos de desinformaci\u00f3n&#8221;, destac\u00f3.<\/p>\n\n\n\n<p><strong>UN TRABAJO DE TODOS<\/strong><\/p>\n\n\n\n<p>Tedros record\u00f3 por otro lado el gran esfuerzo de todas las sociedades durante la pandemia: &#8220;es un momento de celebraci\u00f3n, logrado tras el incasable trabajo de millones de sanitarios, de mucha innovaci\u00f3n e investigaci\u00f3n, de dif\u00edciles decisiones tomadas por los gobiernos y de sacrificios que todos hemos tenido que hacer&#8221;.<\/p>\n\n\n\n<p>Asimismo, advirti\u00f3 de que ante un virus que podr\u00eda a\u00fan cambiar a variantes m\u00e1s letales y contagiosas, la OMS seguir\u00e1 en guardia, y anunci\u00f3 que por primera vez en la historia de la organizaci\u00f3n, pese a no haber emergencia internacional, se formar\u00e1 un comit\u00e9 de revisi\u00f3n que seguir\u00e1 analizando peri\u00f3dicamente la situaci\u00f3n del virus.<\/p>\n\n\n\n<p><strong>UNA DECISI\u00d3N LARGAMENTE SOPESADA<\/strong><\/p>\n\n\n\n<p>El que desde 2020 ha sido presidente del comit\u00e9 de emergencia para la covid, el franc\u00e9s Didier Houssin, explic\u00f3 en la rueda de prensa que llevaban ya m\u00e1s de un a\u00f1o prepar\u00e1ndose ante una posible transici\u00f3n que dejara de considerarla una emergencia y pasase a tratarla como una enfermedad infecciosa m\u00e1s.<\/p>\n\n\n\n<p>El fin de la alerta, subray\u00f3, se ha decidido finalmente ante la mejora de la situaci\u00f3n global, con una reducci\u00f3n de la mortalidad y la mayor inmunidad que se ha logrado con las vastas campa\u00f1as de inmunizaci\u00f3n, a lo que se suman las defensas que centenares de millones han desarrollado tras recuperarse de la enfermedad.<\/p>\n\n\n\n<p>La directora de la OMS para acceso a vacunas, Kate O&#8217;Brien, agreg\u00f3 que el fin de la emergencia sanitaria no supondr\u00e1 un fin del esfuerzo desplegado a nivel global para inmunizar a las poblaciones contra la covid-19.<\/p>\n\n\n\n<p>Todas las vacunas autorizadas contra la enfermedad mantendr\u00e1n su estatus, y proseguir\u00e1n programas de reparo de vacunas a los pa\u00edses menos desarrollados como el COVAX, con el que se distribuyeron unos 2.000 millones de dosis desde 2021.<\/p>\n","protected":false},"excerpt":{"rendered":"<p>La Organizaci\u00f3n Mundial de la Salud (OMS) tom\u00f3 hoy la decisi\u00f3n de poner fin a m\u00e1s de tres a\u00f1os (1.191 d\u00edas) de emergencia internacional por la covid-19, el mismo d\u00eda en el que el organismo calcul\u00f3 que la pandemia, una de las peores de la historia, caus\u00f3 alrededor de 20 millones de muertos. La cifra, [&hellip;]<\/p>\n","protected":false},"author":80,"featured_media":260270,"comment_status":"closed","ping_status":"closed","sticky":false,"template":"","format":"standard","meta":{"footnotes":""},"categories":[15,31],"tags":[],"class_list":["post-260264","post","type-post","status-publish","format-standard","has-post-thumbnail","hentry","category-destacadas","category-orbe"],"_links":{"self":[{"href":"https:\/\/plazajuarez.mx\/historico\/wp-json\/wp\/v2\/posts\/260264","targetHints":{"allow":["GET"]}}],"collection":[{"href":"https:\/\/plazajuarez.mx\/historico\/wp-json\/wp\/v2\/posts"}],"about":[{"href":"https:\/\/plazajuarez.mx\/historico\/wp-json\/wp\/v2\/types\/post"}],"author":[{"embeddable":true,"href":"https:\/\/plazajuarez.mx\/historico\/wp-json\/wp\/v2\/users\/80"}],"replies":[{"embeddable":true,"href":"https:\/\/plazajuarez.mx\/historico\/wp-json\/wp\/v2\/comments?post=260264"}],"version-history":[{"count":0,"href":"https:\/\/plazajuarez.mx\/historico\/wp-json\/wp\/v2\/posts\/260264\/revisions"}],"wp:featuredmedia":[{"embeddable":true,"href":"https:\/\/plazajuarez.mx\/historico\/wp-json\/wp\/v2\/media\/260270"}],"wp:attachment":[{"href":"https:\/\/plazajuarez.mx\/historico\/wp-json\/wp\/v2\/media?parent=260264"}],"wp:term":[{"taxonomy":"category","embeddable":true,"href":"https:\/\/plazajuarez.mx\/historico\/wp-json\/wp\/v2\/categories?post=260264"},{"taxonomy":"post_tag","embeddable":true,"href":"https:\/\/plazajuarez.mx\/historico\/wp-json\/wp\/v2\/tags?post=260264"}],"curies":[{"name":"wp","href":"https:\/\/api.w.org\/{rel}","templated":true}]}}