{"id":26024,"date":"2016-08-03T11:13:58","date_gmt":"2016-08-03T11:13:58","guid":{"rendered":"http:\/\/plazajuarez.mx\/index\/index.php\/2016\/08\/03\/niegan-amparo-a-rodrigo-medina\/"},"modified":"2016-08-03T11:13:58","modified_gmt":"2016-08-03T11:13:58","slug":"niegan-amparo-a-rodrigo-medina","status":"publish","type":"post","link":"https:\/\/plazajuarez.mx\/historico\/niegan-amparo-a-rodrigo-medina\/","title":{"rendered":"Niegan amparo a Rodrigo Medina"},"content":{"rendered":"<p>Otro ex gobernador pri\u00edsta en problemas<\/p>\n<p>  <!--more-->  <\/p>\n<p>Monterrey, NL.- El Juzgado Segundo de Distrito neg\u00f3 la suspensi\u00f3n definitiva de amparo al ex gobernador de Nuevo Le\u00f3n, Rodrigo Medina de la Cruz, por lo cual deber\u00e1 acudir a la pr\u00f3xima cita ante un juez para escuchar la imputaci\u00f3n de los delitos por da\u00f1os al erario estatal, estimados en tres mil 600 millones de pesos.<br \/>Medina de la Cruz, ex gobernador del PRI, es uno de los acusados por el gobierno actual del independiente Jaime Rodr\u00edguez, en las indagatorias de la llamada Operaci\u00f3n Tornado, la cual involucra a ex funcionarios estatales y municipales por incurrir en diversas anomal\u00edas financieras por la venta de terrenos y apoyos financieros a la empresa coreana automotriz KIA.<br \/>El pasado jueves, el ex gobernador debi\u00f3 presentarse ante un juez de control para escuchar los delitos que se le imputan, pero su abogado, Javier Flores Sald\u00edvar, ex procurador de Justicia, present\u00f3 una petici\u00f3n de suspensi\u00f3n provisional en v\u00edas de amparo, que le permiti\u00f3 a Medina de la Cruz evadir la cita.<br \/>La ma\u00f1ana de este martes, Flores Sald\u00edvar acudi\u00f3 al juzgado segundo de distrito para ratificar el amparo, pero el juez lo neg\u00f3 bajo el argumento de que el recurso legal buscaba evitar la comparecencia de la semana pasada y ya se logr\u00f3 el cometido.<\/p>\n","protected":false},"excerpt":{"rendered":"<p>Otro ex gobernador pri\u00edsta en problemas<\/p>\n","protected":false},"author":93,"featured_media":0,"comment_status":"open","ping_status":"open","sticky":false,"template":"","format":"standard","meta":{"footnotes":""},"categories":[36],"tags":[],"class_list":["post-26024","post","type-post","status-publish","format-standard","hentry","category-nacion"],"_links":{"self":[{"href":"https:\/\/plazajuarez.mx\/historico\/wp-json\/wp\/v2\/posts\/26024","targetHints":{"allow":["GET"]}}],"collection":[{"href":"https:\/\/plazajuarez.mx\/historico\/wp-json\/wp\/v2\/posts"}],"about":[{"href":"https:\/\/plazajuarez.mx\/historico\/wp-json\/wp\/v2\/types\/post"}],"author":[{"embeddable":true,"href":"https:\/\/plazajuarez.mx\/historico\/wp-json\/wp\/v2\/users\/93"}],"replies":[{"embeddable":true,"href":"https:\/\/plazajuarez.mx\/historico\/wp-json\/wp\/v2\/comments?post=26024"}],"version-history":[{"count":0,"href":"https:\/\/plazajuarez.mx\/historico\/wp-json\/wp\/v2\/posts\/26024\/revisions"}],"wp:attachment":[{"href":"https:\/\/plazajuarez.mx\/historico\/wp-json\/wp\/v2\/media?parent=26024"}],"wp:term":[{"taxonomy":"category","embeddable":true,"href":"https:\/\/plazajuarez.mx\/historico\/wp-json\/wp\/v2\/categories?post=26024"},{"taxonomy":"post_tag","embeddable":true,"href":"https:\/\/plazajuarez.mx\/historico\/wp-json\/wp\/v2\/tags?post=26024"}],"curies":[{"name":"wp","href":"https:\/\/api.w.org\/{rel}","templated":true}]}}