{"id":26023,"date":"2016-08-03T11:13:50","date_gmt":"2016-08-03T11:13:50","guid":{"rendered":"http:\/\/plazajuarez.mx\/index\/index.php\/2016\/08\/03\/plan-federal-contra-violencia-en-municipios\/"},"modified":"2016-08-03T11:13:50","modified_gmt":"2016-08-03T11:13:50","slug":"plan-federal-contra-violencia-en-municipios","status":"publish","type":"post","link":"https:\/\/plazajuarez.mx\/historico\/plan-federal-contra-violencia-en-municipios\/","title":{"rendered":"Plan federal contra violencia en municipios"},"content":{"rendered":"<p>Reuni\u00f3n de Osorio Chong con perredistas<br \/>\u2022\u00a0\u00a0\u00a0 \u201cNo venimos a pedir chalecos antibalas y escoltas de seguridad sino proyectos de desarrollo\u2026 ante el fracaso de este modelo econ\u00f3mico\u201d, dijo Alejandra Barrales<\/p>\n<p>  <!--more-->  <\/p>\n<p>Ante el incremento de agresiones a presidentes municipales, el gobierno federal instalar\u00e1 una \u201cmesa de coordinaci\u00f3n\u201d para buscar soluciones a esta problem\u00e1tica, a partir de planes de desarrollo econ\u00f3mico y estrategias de seguridad.<br \/>Durante una reuni\u00f3n del secretario de Gobernaci\u00f3n, Miguel \u00c1ngel Osorio Chong, con integrantes de la dirigencia del PRD, as\u00ed como del alcalde de Acapulco, Guerrero, en representaci\u00f3n de los 260 ediles de este partido, se acord\u00f3 que en la mesa se privilegien estrategias de desarrollo porque las zonas m\u00e1s violentas coinciden con las regiones m\u00e1s pobres del pa\u00eds.<br \/>\u201cNo venimos a pedir chalecos antibalas y escoltas de seguridad sino proyectos de desarrollo\u2026 ante el fracaso de este modelo econ\u00f3mico\u201d, dijo Alejandra Barrales, presidenta del PRD.<br \/>Si hoy no damos garant\u00edas \u2013 agreg\u00f3- el crimen organizado va a seguir siendo la fuente de empleo para la gente, sobre todo los j\u00f3venes. Igualmente, si se carece de elementos para garantizar la seguridad de los alcaldes, qu\u00e9 se puede esperar para la ciudadan\u00eda en general.<br \/>\u201cLo que no est\u00e1 funcionando es el modelo econ\u00f3mico. Insistimos en que no es casualidad y no puede verse como un asunto aislado el que los municipios donde est\u00e1 registrada mayor pobreza y marginaci\u00f3n, donde no est\u00e1 garantizado que los j\u00f3venes vayan a la escuela y que haya empleo y salud, casualmente son los municipios donde hay mayor \u00edndice de violencia. No es casualidad, hay una vinculaci\u00f3n directa\u201d, se\u00f1al\u00f3 Barrales.<br \/>La fecha de las \u201cmesas de coordinaci\u00f3n municipal\u201d no est\u00e1 definida aun.<br \/>En las semanas recientes han sido asesinados tres alcaldes.<br \/>El alcalde de Acapulco, Evodio Vel\u00e1zquez, admiti\u00f3 que el puerto vive una grave situaci\u00f3n de violencia y seguridad, asociada al crimen organizado.<br \/>&#8220;Expusimos al secretario de Gobernaci\u00f3n nuestra preocupaci\u00f3n ante este suceso (alto \u00edndice de homicidios dolosos en el puerto); tambi\u00e9n es necesario de parte de Acapulco concentrar los recursos para mermar la condici\u00f3n en materia de violencia y que est\u00e1n identificadas en pol\u00edgonos de violencia&#8221;.<\/p>\n","protected":false},"excerpt":{"rendered":"<p>Reuni\u00f3n de Osorio Chong con perredistas\u2022\u00a0\u00a0\u00a0 \u201cNo venimos a pedir chalecos antibalas y escoltas de seguridad sino proyectos de desarrollo\u2026 ante el fracaso de este modelo econ\u00f3mico\u201d, dijo Alejandra Barrales<\/p>\n","protected":false},"author":93,"featured_media":0,"comment_status":"open","ping_status":"open","sticky":false,"template":"","format":"standard","meta":{"footnotes":""},"categories":[36],"tags":[],"class_list":["post-26023","post","type-post","status-publish","format-standard","hentry","category-nacion"],"_links":{"self":[{"href":"https:\/\/plazajuarez.mx\/historico\/wp-json\/wp\/v2\/posts\/26023","targetHints":{"allow":["GET"]}}],"collection":[{"href":"https:\/\/plazajuarez.mx\/historico\/wp-json\/wp\/v2\/posts"}],"about":[{"href":"https:\/\/plazajuarez.mx\/historico\/wp-json\/wp\/v2\/types\/post"}],"author":[{"embeddable":true,"href":"https:\/\/plazajuarez.mx\/historico\/wp-json\/wp\/v2\/users\/93"}],"replies":[{"embeddable":true,"href":"https:\/\/plazajuarez.mx\/historico\/wp-json\/wp\/v2\/comments?post=26023"}],"version-history":[{"count":0,"href":"https:\/\/plazajuarez.mx\/historico\/wp-json\/wp\/v2\/posts\/26023\/revisions"}],"wp:attachment":[{"href":"https:\/\/plazajuarez.mx\/historico\/wp-json\/wp\/v2\/media?parent=26023"}],"wp:term":[{"taxonomy":"category","embeddable":true,"href":"https:\/\/plazajuarez.mx\/historico\/wp-json\/wp\/v2\/categories?post=26023"},{"taxonomy":"post_tag","embeddable":true,"href":"https:\/\/plazajuarez.mx\/historico\/wp-json\/wp\/v2\/tags?post=26023"}],"curies":[{"name":"wp","href":"https:\/\/api.w.org\/{rel}","templated":true}]}}