{"id":26022,"date":"2016-08-03T11:11:41","date_gmt":"2016-08-03T11:11:41","guid":{"rendered":"http:\/\/plazajuarez.mx\/index\/index.php\/2016\/08\/03\/los-centinelas-del-potro\/"},"modified":"2016-08-03T11:11:41","modified_gmt":"2016-08-03T11:11:41","slug":"los-centinelas-del-potro","status":"publish","type":"post","link":"https:\/\/plazajuarez.mx\/historico\/los-centinelas-del-potro\/","title":{"rendered":"LOS \u201cCENTINELAS\u201d DEL POTRO"},"content":{"rendered":"<p>#RUMBO A R\u00cdO 2016<\/p>\n<p>  <!--more-->  <\/p>\n<p>El Dato<br \/>S\u00e1nchez Yacuta<br \/>1 CAMPEONATO logr\u00f3 en fuerzas b\u00e1sicas de las \u00c1guilas; se integr\u00f3 en 2014 con el \u201cPotro\u201d<br \/>Juan de Dios Ram\u00edrez Perales<br \/>2016 A\u00d1O en que se incorpora como auxiliar al cuerpo t\u00e9cnico del Tri Ol\u00edmpico.<br \/>Rosario Pi\u00f1a<\/p>\n<p>Ra\u00fal Guti\u00e9rrez cuenta con un equipo que lo apoya en todo momento, como sus auxiliares t\u00e9cnicos, preparador f\u00edsico y de porteros.<br \/>Cada vez que se sienta en el banquillo del Tri ol\u00edmpico, Marco Antonio S\u00e1nchez Yacuta recibe una c\u00e1tedra. Ve a Ra\u00fal Guti\u00e9rrez, t\u00e9cnico de ese combinado mexicano, como su profesor. Tambi\u00e9n le dice \u201camigo\u201d.<br \/>\u201cEs un maestro porque ves que es un tipo que es campe\u00f3n del mundo, subcampe\u00f3n, que todos sus procesos son exitosos, que se coron\u00f3 como jugador. Tiene muy claro todo, convivo con \u00e9l d\u00eda a d\u00eda y corroboro que es un tipo preparado, que lee bien el futbol, sabe cu\u00e1ndo hacer las modificaciones, un cambio\u201d, halaga el auxiliar del \u201cPotro\u201d.<br \/>Dentro y fuera de la cancha mantienen lazos estrechos. Se conocen desde que jugaban juntos en el Am\u00e9rica. La relaci\u00f3n se ha fortalecido con los a\u00f1os, seg\u00fan narra el que fuera futbolista de las \u00c1guilas.<\/p>\n<p>\u201cEs un v\u00ednculo profesional dentro de las instalaciones del CAR y las concentraciones. Fuera es agradable. Somos seres humanos, familia, hijos, es bonito reunirte con los integrantes del cuerpo t\u00e9cnico. Todos tenemos buena inercia, comunicaci\u00f3n, disfrutar de relaciones m\u00e1s con las familias fortalece mucho porque a la hora del trabajo, sirve saber que conf\u00edas en el de a un lado\u201d, relata.<br \/>S\u00e1nchez Yacuta a\u00fan tiene vivo un recuerdo que le dej\u00f3 claro el liderazgo del seleccionador de M\u00e9xico para R\u00edo 2016. Lo rememora como un art\u00edculo preciado sin fecha de caducidad. Una ense\u00f1anza eterna.<\/p>\n<p>\u201cJugamos un partido de Libertadores contra River Plate, con el empate logr\u00e1bamos clasificar, pero al final nos eliminan, Ra\u00fal [Guti\u00e9rrez] nos motiv\u00f3 a todos y fuimos viviendo muchas experiencias en un equipo importante como Am\u00e9rica. Ese momento se me qued\u00f3 muy grabado\u201d, resalta.<br \/>\u201cAhora como asistente hay muchos detalles, muchos momentos agradables, otros no tanto&#8230;\u201d. Hoy, Marco s\u00f3lo tiene en mente refrendar la medalla de oro ol\u00edmpica.<br \/>Juan de Dios Ram\u00edrez Perales a\u00fan sonr\u00ede cuando se le recuerda que fue parte del proceso de Selecci\u00f3n Mexicana que cambi\u00f3 la historia. Con nostalgia y tambi\u00e9n con orgullo, suspira ante ese recuerdo. \u201cS\u00ed, fue buena esa selecci\u00f3n de 1993-94\u201d, dice alegre.<\/p>\n<p>Etapa que le sirvi\u00f3 para el futuro. Presume que, como auxiliar de Ra\u00fal Guti\u00e9rrez en la Selecci\u00f3n Ol\u00edmpica, tiene influencia de t\u00e9cnicos del calibre de Miguel Mej\u00eda Bar\u00f3n y C\u00e9sar Luis Menotti. Atesora las ense\u00f1anzas que le dejaron cuando era un jugador profesional en activo. Las aplica con el Tri Sub-23.<br \/>\u201cEn lo particular, comparto muchos conceptos de Mej\u00eda Bar\u00f3n, de \u2018Tuca\u2019 \u00b4[Ricardo Ferretti], de [\u00c1ngel] Cappa, de [C\u00e9sar Luis] Menotti. Son entrenadores que sin lugar a duda marcaron la historia, est\u00e1n vigentes y son cosas que tratas de adaptar con esa din\u00e1mica y presi\u00f3n que hay en la cancha. Conceptos que tienen y son v\u00e1lidos\u201d, resalta el \u2018Capi\u2019.<\/p>\n<p>Fue zaguero, canterano de los Pumas. Da un repaso a la evoluci\u00f3n del futbol. Lo ve m\u00e1s r\u00e1pido, con mayor fiereza y un despliegue t\u00e9cnico, t\u00e1ctico y f\u00edsico que no se ve\u00eda antes.<br \/>Sin embargo, \u201chay conceptos b\u00e1sicos desde los a\u00f1os 60 o 70 que van a seguir siendo los mismos, cosas qu\u00e9 explotar. Hoy veo que el jugador es m\u00e1s profesional, el llegar con dos kilos de m\u00e1s se nota, antes te daba ese margen, hoy no. Todos los detalles deben estar a punto y la parte psicol\u00f3gica es important\u00edsima para poder ejecutar las cualidades\u201d.<\/p>\n<p>Camadas de jugadores han sido denominadas como \u201cdoradas\u201d, pero se han quedado con la deuda de no poder llevar a M\u00e9xico a niveles de \u00e9lite en la categor\u00eda absoluta. Ram\u00edrez Perales anhela que \u00e9sta que competir\u00e1 en R\u00edo 2016 cambie la historia.<br \/>\u201cMuchas generaciones han sido llamadas como de oro. Esperamos que esta vez s\u00ed se cumpla con las expectativas. Nosotros tenemos la encomienda de inculcarle a los jugadores que as\u00ed va a ser, que ellos son los que van a llevar al futbol mexicano hacia otro nivel\u201d, vaticina.<br \/>Rosario Pi\u00f1a ha probado ser campe\u00f3n del mundo dos veces. Pero no es suficiente. Anhela m\u00e1s t\u00edtulos y el ol\u00edmpico le seduce. Quiere tener una medalla de ganador por tercera vez en su vida. Su labor es la de poner a punto a los guardametas del Tri para hacerlos invulnerables.<br \/>Actual entrenador de porteros de la Selecci\u00f3n Sub-23. Tiene la experiencia de haber integrado el cuerpo t\u00e9cnico de Jes\u00fas Ram\u00edrez en el Mundial infantil de Per\u00fa 2005 y el de M\u00e9xico 2011, ya bajo el mando de Ra\u00fal Guti\u00e9rrez. Al \u201cPotro\u201d lo acompa\u00f1a, ahora, en su aventura por R\u00edo.<\/p>\n","protected":false},"excerpt":{"rendered":"<p>#RUMBO A R\u00cdO 2016<\/p>\n","protected":false},"author":93,"featured_media":0,"comment_status":"open","ping_status":"open","sticky":false,"template":"","format":"standard","meta":{"footnotes":""},"categories":[39],"tags":[],"class_list":["post-26022","post","type-post","status-publish","format-standard","hentry","category-deportiva"],"_links":{"self":[{"href":"https:\/\/plazajuarez.mx\/historico\/wp-json\/wp\/v2\/posts\/26022","targetHints":{"allow":["GET"]}}],"collection":[{"href":"https:\/\/plazajuarez.mx\/historico\/wp-json\/wp\/v2\/posts"}],"about":[{"href":"https:\/\/plazajuarez.mx\/historico\/wp-json\/wp\/v2\/types\/post"}],"author":[{"embeddable":true,"href":"https:\/\/plazajuarez.mx\/historico\/wp-json\/wp\/v2\/users\/93"}],"replies":[{"embeddable":true,"href":"https:\/\/plazajuarez.mx\/historico\/wp-json\/wp\/v2\/comments?post=26022"}],"version-history":[{"count":0,"href":"https:\/\/plazajuarez.mx\/historico\/wp-json\/wp\/v2\/posts\/26022\/revisions"}],"wp:attachment":[{"href":"https:\/\/plazajuarez.mx\/historico\/wp-json\/wp\/v2\/media?parent=26022"}],"wp:term":[{"taxonomy":"category","embeddable":true,"href":"https:\/\/plazajuarez.mx\/historico\/wp-json\/wp\/v2\/categories?post=26022"},{"taxonomy":"post_tag","embeddable":true,"href":"https:\/\/plazajuarez.mx\/historico\/wp-json\/wp\/v2\/tags?post=26022"}],"curies":[{"name":"wp","href":"https:\/\/api.w.org\/{rel}","templated":true}]}}