{"id":26019,"date":"2016-08-03T11:11:09","date_gmt":"2016-08-03T11:11:09","guid":{"rendered":"http:\/\/plazajuarez.mx\/index\/index.php\/2016\/08\/03\/aguila-que-ondea-en-rio\/"},"modified":"2016-08-03T11:11:09","modified_gmt":"2016-08-03T11:11:09","slug":"aguila-que-ondea-en-rio","status":"publish","type":"post","link":"https:\/\/plazajuarez.mx\/historico\/aguila-que-ondea-en-rio\/","title":{"rendered":"\u00c1GUILA QUE ONDEA EN R\u00cdO"},"content":{"rendered":"<p>#RUMBO A LOS JUEGOS OL\u00cdMPICOS<br \/>\u25cf\u00a0\u00a0\u00a0 En un ambiente festivo se realiz\u00f3 la ceremonia que convoc\u00f3 a 30 de los 125 mexicanos que a partir del jueves representar\u00e1n a nuestro pa\u00eds en la primera justa cuatrianual celebrada en Sudam\u00e9rica.<\/p>\n<p>LOS DATOS<br \/>30 ATLETAS mexicanos, de los 125, estuvieron presentes en la ceremonia de izamiento de bandera.<\/p>\n<p>  <!--more-->  <\/p>\n<p>Ya ondea la bandera nacional en la Villa Ol\u00edmpica. Bajo una llovizna, el l\u00e1baro patrio fue izado en la casa de los atletas, justo a un par de d\u00edas de que arranque la justa veraniega.<br \/>En un ambiente festivo se realiz\u00f3 la ceremonia que convoc\u00f3 a 30 de los 125 mexicanos que a partir del jueves representar\u00e1n a nuestro pa\u00eds en la primera justa cuatrianual celebrada en Sudam\u00e9rica.<br \/>\u201cM\u00e9xico, M\u00e9xico\u201d, gritaron los seleccionados en cuanto la bandera comenz\u00f3 a izarse tras el Himno Nacional. Ni las r\u00e1fagas de aire o la lluvia frenaron el \u00edmpetu tricolor traducido en porras, gritos y bailes que a partir de entonces protagonizaron representantes de boxeo, tiro con arco, vela, remo y tiro deportivo.<br \/>\u201cEsta puede ser una experiencia que s\u00f3lo se viva una vez as\u00ed que debemos atesorar cada momento\u201d, coment\u00f3 Yanic Gentry, de vela.<br \/>M\u00fasica de bossa nova y un espect\u00e1culo de bailes locales amenizaron la breve ceremonia en la que el jefe de misi\u00f3n nacional, Mario Garc\u00eda de la Torre, entreg\u00f3 un presente a la oradora oficial en ausencia del alcalde de la ciudad Eduardo Paes. <br \/>\u201cEste es un momento muy bonito porque ves por primera vez tu bandera en lo m\u00e1s alto, oficialmente somos parte de los Juegos y eso hay que celebrarlo\u201d, explic\u00f3 Alejandra Zavala, de tiro deportivo.<br \/>A la ceremonia asistieron el director de la Conade, Alfredo Castillo, el presidente del Comit\u00e9 Ol\u00edmpico Carlos Padilla, as\u00ed como la embajadora de M\u00e9xico en Brasil, Beatriz Paredes.<br \/>\u201cEstoy segura de que nuestros atletas tendr\u00e1n una gran participaci\u00f3n, seguramente nos ir\u00e1 muy bien en deportes como el taekwondo y el tiro con arco\u201d, coment\u00f3 la funcionaria, quien tambi\u00e9n anunci\u00f3 la apertura de la Casa M\u00e9xico este mi\u00e9rcoles en la zona de Flamengo.<br \/>\u201cTendremos exposici\u00f3n de carteles ol\u00edmpicos, trabajos de Frida Kahlo y obras del arquitecto Pedro Ram\u00edrez V\u00e1zquez; son objetos que todo el mundo deber\u00eda conocer\u201d.<br \/>Tambi\u00e9n fueron izadas las banderas de Per\u00fa, Belice, Guinea Ecuatorial, Sri Lanka y Sud\u00e1n.<br \/>No se debe hablar a la ligera: Castillo. El titular de la Conade, Alfredo Castillo, pidi\u00f3 a Paola Pliego no hablar a la ligera luego de que la esgrimista declarara que el dopaje positivo que la releg\u00f3 de los Juegos de R\u00edo fue una trampa.<br \/>\u201cAquel que acusa tiene que probarlo as\u00ed que yo le recomendar\u00eda que piense bien lo que dice. En este caso la vamos a apoyar en la acci\u00f3n que pretenda ejercer pero no debe hablar si no se tienen las pruebas suficientes\u201d, coment\u00f3 el dirigente, quien arrib\u00f3 ayer a la sede ol\u00edmpica.<br \/>El presidente de la Federaci\u00f3n Mexicana de Esgrima, Jorge Castro, no quiso abundar sobre el tema y se limit\u00f3 a desear lo mejor a la seleccionada queretana. <br \/>\u201cOjal\u00e1 pueda resolver su problema y limpiar su nombre, eso es lo que todos esperamos\u201d, dijo.<\/p>\n","protected":false},"excerpt":{"rendered":"<p>#RUMBO A LOS JUEGOS OL\u00cdMPICOS\u25cf\u00a0\u00a0\u00a0 En un ambiente festivo se realiz\u00f3 la ceremonia que convoc\u00f3 a 30 de los 125 mexicanos que a partir del jueves representar\u00e1n a nuestro pa\u00eds en la primera justa cuatrianual celebrada en Sudam\u00e9rica. LOS DATOS30 ATLETAS mexicanos, de los 125, estuvieron presentes en la ceremonia de izamiento de bandera.<\/p>\n","protected":false},"author":93,"featured_media":0,"comment_status":"open","ping_status":"open","sticky":false,"template":"","format":"standard","meta":{"footnotes":""},"categories":[39],"tags":[],"class_list":["post-26019","post","type-post","status-publish","format-standard","hentry","category-deportiva"],"_links":{"self":[{"href":"https:\/\/plazajuarez.mx\/historico\/wp-json\/wp\/v2\/posts\/26019","targetHints":{"allow":["GET"]}}],"collection":[{"href":"https:\/\/plazajuarez.mx\/historico\/wp-json\/wp\/v2\/posts"}],"about":[{"href":"https:\/\/plazajuarez.mx\/historico\/wp-json\/wp\/v2\/types\/post"}],"author":[{"embeddable":true,"href":"https:\/\/plazajuarez.mx\/historico\/wp-json\/wp\/v2\/users\/93"}],"replies":[{"embeddable":true,"href":"https:\/\/plazajuarez.mx\/historico\/wp-json\/wp\/v2\/comments?post=26019"}],"version-history":[{"count":0,"href":"https:\/\/plazajuarez.mx\/historico\/wp-json\/wp\/v2\/posts\/26019\/revisions"}],"wp:attachment":[{"href":"https:\/\/plazajuarez.mx\/historico\/wp-json\/wp\/v2\/media?parent=26019"}],"wp:term":[{"taxonomy":"category","embeddable":true,"href":"https:\/\/plazajuarez.mx\/historico\/wp-json\/wp\/v2\/categories?post=26019"},{"taxonomy":"post_tag","embeddable":true,"href":"https:\/\/plazajuarez.mx\/historico\/wp-json\/wp\/v2\/tags?post=26019"}],"curies":[{"name":"wp","href":"https:\/\/api.w.org\/{rel}","templated":true}]}}